{"id":29387,"date":"2021-01-18T09:55:38","date_gmt":"2021-01-18T08:55:38","guid":{"rendered":"https:\/\/club.cnelbalis.com\/la-medsailing-eurocup-1-2021-sajorna\/"},"modified":"2022-06-24T09:01:12","modified_gmt":"2022-06-24T07:01:12","slug":"la-medsailing-eurocup-1-2021-sajorna","status":"publish","type":"post","link":"https:\/\/www.cnelbalis.com\/ca\/la-medsailing-eurocup-1-2021-sajorna\/","title":{"rendered":"La MedSailing- Eurocup #1 2021 s\u2019ajorna"},"content":{"rendered":"<p>A causa de la preocupant evoluci\u00f3 de la Covid-19, el CN El Bal\u00eds, juntament amb la Federaci\u00f3 Catalana de Vela, ha decidit posposar la competici\u00f3 al tractar-se d\u2019una prova internacional que reuneix a uns 200 regatistes vinguts d\u2019arreu d\u2019Europa.<\/p>\n<p>L\u2019esdeveniment no es pret\u00e9n cancel\u00b7lar sin\u00f3 ajornar perqu\u00e8 els regatistes de 29er tinguin la oportunitat d\u2019entrenar en aig\u00fces d\u2019El Bal\u00eds, seu on es celebrar\u00e0 el Mundial de la classe al 2022.<\/p>\n<p>Les dates previstes per celebrar la MedSailing \u2013 Eurocup #8 s\u00f3n del<strong> 16 al 19 d\u2019octubre del 2021.<\/strong><\/p>\n","protected":false},"excerpt":{"rendered":"<p>A causa de la preocupant evoluci\u00f3 de la Covid-19, el CN El Bal\u00eds, juntament amb la Federaci\u00f3 Catalana de Vela, ha decidit posposar la competici\u00f3 al tractar-se d\u2019una prova internacional que reuneix a uns 200 regatistes vinguts d\u2019arreu d\u2019Europa. L\u2019esdeveniment no es pret\u00e9n cancel\u00b7lar sin\u00f3 ajornar perqu\u00e8 els regatistes de 29er tinguin la oportunitat d\u2019entrenar [&hellip;]<\/p>\n","protected":false},"author":1,"featured_media":0,"comment_status":"open","ping_status":"open","sticky":false,"template":"","format":"standard","meta":{"footnotes":""},"categories":[783,782,23],"tags":[110,65,385,34,76],"class_list":["post-29387","post","type-post","status-publish","format-standard","hentry","category-escola","category-esport","category-vela","tag-29er","tag-balis","tag-internacional","tag-medsailing","tag-regata"],"acf":[],"_links":{"self":[{"href":"https:\/\/www.cnelbalis.com\/ca\/wp-json\/wp\/v2\/posts\/29387","targetHints":{"allow":["GET"]}}],"collection":[{"href":"https:\/\/www.cnelbalis.com\/ca\/wp-json\/wp\/v2\/posts"}],"about":[{"href":"https:\/\/www.cnelbalis.com\/ca\/wp-json\/wp\/v2\/types\/post"}],"author":[{"embeddable":true,"href":"https:\/\/www.cnelbalis.com\/ca\/wp-json\/wp\/v2\/users\/1"}],"replies":[{"embeddable":true,"href":"https:\/\/www.cnelbalis.com\/ca\/wp-json\/wp\/v2\/comments?post=29387"}],"version-history":[{"count":1,"href":"https:\/\/www.cnelbalis.com\/ca\/wp-json\/wp\/v2\/posts\/29387\/revisions"}],"predecessor-version":[{"id":31364,"href":"https:\/\/www.cnelbalis.com\/ca\/wp-json\/wp\/v2\/posts\/29387\/revisions\/31364"}],"wp:attachment":[{"href":"https:\/\/www.cnelbalis.com\/ca\/wp-json\/wp\/v2\/media?parent=29387"}],"wp:term":[{"taxonomy":"category","embeddable":true,"href":"https:\/\/www.cnelbalis.com\/ca\/wp-json\/wp\/v2\/categories?post=29387"},{"taxonomy":"post_tag","embeddable":true,"href":"https:\/\/www.cnelbalis.com\/ca\/wp-json\/wp\/v2\/tags?post=29387"}],"curies":[{"name":"wp","href":"https:\/\/api.w.org\/{rel}","templated":true}]}}