{"id":29371,"date":"2020-10-13T10:33:50","date_gmt":"2020-10-13T08:33:50","guid":{"rendered":"https:\/\/club.cnelbalis.com\/silvia-ravetllat-subcampiona-despanya-de-ilca-master-radial\/"},"modified":"2022-06-24T09:01:06","modified_gmt":"2022-06-24T07:01:06","slug":"silvia-ravetllat-subcampiona-despanya-de-ilca-master-radial","status":"publish","type":"post","link":"https:\/\/www.cnelbalis.com\/ca\/silvia-ravetllat-subcampiona-despanya-de-ilca-master-radial\/","title":{"rendered":"Silvia Ravetllat, subcampiona d&#8217;Espanya de ILCA M\u00e0ster Radial"},"content":{"rendered":"<p>Del 9 al 12 d&#8217;octubre es va celebrar el Campionat d&#8217;Espanya ILCA (l\u00e0ser) M\u00e0ster 2020 amb la realitzaci\u00f3 de dues proves per a cadascuna de les classes despr\u00e9s de dues jornades en blanc per la falta de vent.<\/p>\n<p>El Campionat d&#8217;Espanya va comptar amb l&#8217;organitzaci\u00f3 del Club N\u00e0utic Mar\u00edtim de Benalm\u00e1dena per delegaci\u00f3 de la Reial Federaci\u00f3 Espanyola de Vela, en col\u00b7laboraci\u00f3 amb la Federaci\u00f3 Andalusa de Vela i l&#8217;Associaci\u00f3 Espanyola de la Classe Internacional ILCA (AECIL).<\/p>\n<p>M\u00e9s de cinquanta regatistes de m\u00e9s de vint clubs de tota la geografia espanyola es van donar cita a la localitat andalusa.<\/p>\n<p>Silvia Ravetllat es va proclamar subcampiona d&#8217;Espanya Radial, aix\u00ed com Xavier Boluda va finalitzar 5\u00e8.<br \/>\nFelicitats!<\/p>\n\n","protected":false},"excerpt":{"rendered":"<p>Del 9 al 12 d&#8217;octubre es va celebrar el Campionat d&#8217;Espanya ILCA (l\u00e0ser) M\u00e0ster 2020 amb la realitzaci\u00f3 de dues proves per a cadascuna de les classes despr\u00e9s de dues jornades en blanc per la falta de vent. El Campionat d&#8217;Espanya va comptar amb l&#8217;organitzaci\u00f3 del Club N\u00e0utic Mar\u00edtim de Benalm\u00e1dena per delegaci\u00f3 de la [&hellip;]<\/p>\n","protected":false},"author":1,"featured_media":0,"comment_status":"open","ping_status":"open","sticky":false,"template":"","format":"standard","meta":{"footnotes":""},"categories":[783,782,23],"tags":[195,114,59,76,52],"class_list":["post-29371","post","type-post","status-publish","format-standard","hentry","category-escola","category-esport","category-vela","tag-campeonato","tag-espana","tag-laser","tag-regata","tag-vela"],"acf":[],"_links":{"self":[{"href":"https:\/\/www.cnelbalis.com\/ca\/wp-json\/wp\/v2\/posts\/29371","targetHints":{"allow":["GET"]}}],"collection":[{"href":"https:\/\/www.cnelbalis.com\/ca\/wp-json\/wp\/v2\/posts"}],"about":[{"href":"https:\/\/www.cnelbalis.com\/ca\/wp-json\/wp\/v2\/types\/post"}],"author":[{"embeddable":true,"href":"https:\/\/www.cnelbalis.com\/ca\/wp-json\/wp\/v2\/users\/1"}],"replies":[{"embeddable":true,"href":"https:\/\/www.cnelbalis.com\/ca\/wp-json\/wp\/v2\/comments?post=29371"}],"version-history":[{"count":1,"href":"https:\/\/www.cnelbalis.com\/ca\/wp-json\/wp\/v2\/posts\/29371\/revisions"}],"predecessor-version":[{"id":31348,"href":"https:\/\/www.cnelbalis.com\/ca\/wp-json\/wp\/v2\/posts\/29371\/revisions\/31348"}],"wp:attachment":[{"href":"https:\/\/www.cnelbalis.com\/ca\/wp-json\/wp\/v2\/media?parent=29371"}],"wp:term":[{"taxonomy":"category","embeddable":true,"href":"https:\/\/www.cnelbalis.com\/ca\/wp-json\/wp\/v2\/categories?post=29371"},{"taxonomy":"post_tag","embeddable":true,"href":"https:\/\/www.cnelbalis.com\/ca\/wp-json\/wp\/v2\/tags?post=29371"}],"curies":[{"name":"wp","href":"https:\/\/api.w.org\/{rel}","templated":true}]}}