{"id":29370,"date":"2020-10-13T09:40:37","date_gmt":"2020-10-13T07:40:37","guid":{"rendered":"https:\/\/club.cnelbalis.com\/monica-veenhoven-campiona-femenina-i-subcampiona-absoluta-despanya-de-classe-europa\/"},"modified":"2022-06-24T09:01:06","modified_gmt":"2022-06-24T07:01:06","slug":"monica-veenhoven-campiona-femenina-i-subcampiona-absoluta-despanya-de-classe-europa","status":"publish","type":"post","link":"https:\/\/www.cnelbalis.com\/ca\/monica-veenhoven-campiona-femenina-i-subcampiona-absoluta-despanya-de-classe-europa\/","title":{"rendered":"M\u00f2nica Veenhoven, campiona femenina i subcampiona absoluta d&#8217;Espanya de classe Europa"},"content":{"rendered":"<p>El 9 d&#8217;octubre va comen\u00e7ar el Campionat d&#8217;Espanya de la classe Europa al CN Eivissa que va durar fins el dilluns 12.<\/p>\n<p>La primera jornada va comen\u00e7ar amb un lleuger retard per l&#8217;abs\u00e8ncia de vent, que va apar\u00e8ixer amb una intensitat d&#8217;entre 5 i 7 nusos de component Sud Est, el que va permetre al comit\u00e8 de regates desenvolupar les tres proves previstes amb normalitat.<\/p>\n<p>Quatre intenses jornades marcades pel vent, sobretot en les dues primeres, tot i que dissabte no va arribar als 3 nusos d&#8217;intensitat, podent-se completar amb prou feines una sola prova.<\/p>\n<p>Monica Veenhoven es va proclamar subcampiona absoluta i campiona d&#8217;Espanya femenina (a m\u00e9s de primera f\u00e8mina sub-20) amb 52 punts.<\/p>\n<p>Amb aix\u00f2, el Bal\u00eds va aconseguir un triplet en categoria femenina i Sub 20. El podi el va continuar Nora Lasurt amb la plata i el va tancar Helena Pru\u00f1onosa amb el bronze.<\/p>\n<p>Nico Borr\u00e0s i Marc Arrufat s&#8217;uneixen al podi amb una plata i un bronze sub 20 mascul\u00ed, respectivament.<\/p>\n<p>A m\u00e9s a m\u00e9s, Rafa Rabasa va finalitzar 6\u00e8 de la general i Dani Borr\u00e0s 22\u00ba.<\/p>\n<p>Enhorabona a tots!<\/p>\n\n","protected":false},"excerpt":{"rendered":"<p>El 9 d&#8217;octubre va comen\u00e7ar el Campionat d&#8217;Espanya de la classe Europa al CN Eivissa que va durar fins el dilluns 12. La primera jornada va comen\u00e7ar amb un lleuger retard per l&#8217;abs\u00e8ncia de vent, que va apar\u00e8ixer amb una intensitat d&#8217;entre 5 i 7 nusos de component Sud Est, el que va permetre al [&hellip;]<\/p>\n","protected":false},"author":1,"featured_media":0,"comment_status":"open","ping_status":"open","sticky":false,"template":"","format":"standard","meta":{"footnotes":""},"categories":[783,782,23],"tags":[65,195,114,80,663,342,52],"class_list":["post-29370","post","type-post","status-publish","format-standard","hentry","category-escola","category-esport","category-vela","tag-balis","tag-campeonato","tag-espana","tag-europe","tag-ibiza","tag-navegar","tag-vela"],"acf":[],"_links":{"self":[{"href":"https:\/\/www.cnelbalis.com\/ca\/wp-json\/wp\/v2\/posts\/29370","targetHints":{"allow":["GET"]}}],"collection":[{"href":"https:\/\/www.cnelbalis.com\/ca\/wp-json\/wp\/v2\/posts"}],"about":[{"href":"https:\/\/www.cnelbalis.com\/ca\/wp-json\/wp\/v2\/types\/post"}],"author":[{"embeddable":true,"href":"https:\/\/www.cnelbalis.com\/ca\/wp-json\/wp\/v2\/users\/1"}],"replies":[{"embeddable":true,"href":"https:\/\/www.cnelbalis.com\/ca\/wp-json\/wp\/v2\/comments?post=29370"}],"version-history":[{"count":1,"href":"https:\/\/www.cnelbalis.com\/ca\/wp-json\/wp\/v2\/posts\/29370\/revisions"}],"predecessor-version":[{"id":31347,"href":"https:\/\/www.cnelbalis.com\/ca\/wp-json\/wp\/v2\/posts\/29370\/revisions\/31347"}],"wp:attachment":[{"href":"https:\/\/www.cnelbalis.com\/ca\/wp-json\/wp\/v2\/media?parent=29370"}],"wp:term":[{"taxonomy":"category","embeddable":true,"href":"https:\/\/www.cnelbalis.com\/ca\/wp-json\/wp\/v2\/categories?post=29370"},{"taxonomy":"post_tag","embeddable":true,"href":"https:\/\/www.cnelbalis.com\/ca\/wp-json\/wp\/v2\/tags?post=29370"}],"curies":[{"name":"wp","href":"https:\/\/api.w.org\/{rel}","templated":true}]}}