{"id":29363,"date":"2020-09-14T10:12:06","date_gmt":"2020-09-14T08:12:06","guid":{"rendered":"https:\/\/club.cnelbalis.com\/podis-del-balis-en-el-campionat-despanya-de-420\/"},"modified":"2022-06-24T09:01:05","modified_gmt":"2022-06-24T07:01:05","slug":"podis-del-balis-en-el-campionat-despanya-de-420","status":"publish","type":"post","link":"https:\/\/www.cnelbalis.com\/ca\/podis-del-balis-en-el-campionat-despanya-de-420\/","title":{"rendered":"Podis del Bal\u00eds en el Campionat d&#8217;Espanya de 420"},"content":{"rendered":"<p>Els regatistes de 420 del Bal\u00eds van tancar la seva participaci\u00f3 en el Campionat d&#8217;Espanya de 420 a Puerto Sherry, a la badia de Cadis, amb molt bons resultats.<\/p>\n<p>La tripulaci\u00f3 formada per Tat\u00e1n Riquelme i Miquel P\u00e9rez van aconseguir classificar-se entre els millors del campionat, els qui van lluitar pel t\u00edtol i amb una \u00faltima jornada fant\u00e0stica, i es van classificar segons en la seva categoria (Sub 19 mascul\u00ed) i quarts absoluts.<\/p>\n<p>Pau Llibre i Alberto Marsans tamb\u00e9 van recollir el bronze sub 17 mascul\u00ed, aix\u00ed com Nacho D\u00e1vila i Javi Mestre que van aconseguir tancar el Campionat d&#8217;Espanya Top 10 amb una vuitena posici\u00f3.<\/p>\n<p>En el comiat del Campionat d&#8217;Espanya de 420 va protagonitzar el vent de llevant. Amb una intensitat superior als 18 nusos, l&#8217;objectiu era mantenir el tipus en uns trams molt r\u00e0pids i uns passos de balisa d&#8217;infart entre una flota que navega molt apinyada donada l&#8217;extrema igualtat entre ells.<\/p>\n<p>Despr\u00e9s de la regata es va celebrar el lliurament de trofeus al pati de cerim\u00f2nies de el Centre Especialitzat de Tecnificaci\u00f3 Esportiva de Vela Badia de Cadis (CETDV), en un acte en el qual acompanyaven el vicepresident de la Federaci\u00f3 Andalusa de Vela, Jos\u00e9 Mar\u00eda Escribano, el delegat territorial de la Conselleria d&#8217;Educaci\u00f3 i Esport, Miguel Andreu, i la regidora d&#8217;Esports de l&#8217;Ajuntament del Port de Santa Maria, Lola Camps. D&#8217;acord amb els protocols de detecci\u00f3 i prevenci\u00f3 davant de la Covid-19, a la mateixa assistien nom\u00e9s els guanyadors i alguns membres de l&#8217;organitzaci\u00f3.<\/p>\n<p>.<\/p>\n\n","protected":false},"excerpt":{"rendered":"<p>Els regatistes de 420 del Bal\u00eds van tancar la seva participaci\u00f3 en el Campionat d&#8217;Espanya de 420 a Puerto Sherry, a la badia de Cadis, amb molt bons resultats. La tripulaci\u00f3 formada per Tat\u00e1n Riquelme i Miquel P\u00e9rez van aconseguir classificar-se entre els millors del campionat, els qui van lluitar pel t\u00edtol i amb una [&hellip;]<\/p>\n","protected":false},"author":1,"featured_media":0,"comment_status":"open","ping_status":"open","sticky":false,"template":"","format":"standard","meta":{"footnotes":""},"categories":[782,23],"tags":[131,65,195,114],"class_list":["post-29363","post","type-post","status-publish","format-standard","hentry","category-esport","category-vela","tag-131","tag-balis","tag-campeonato","tag-espana"],"acf":[],"_links":{"self":[{"href":"https:\/\/www.cnelbalis.com\/ca\/wp-json\/wp\/v2\/posts\/29363","targetHints":{"allow":["GET"]}}],"collection":[{"href":"https:\/\/www.cnelbalis.com\/ca\/wp-json\/wp\/v2\/posts"}],"about":[{"href":"https:\/\/www.cnelbalis.com\/ca\/wp-json\/wp\/v2\/types\/post"}],"author":[{"embeddable":true,"href":"https:\/\/www.cnelbalis.com\/ca\/wp-json\/wp\/v2\/users\/1"}],"replies":[{"embeddable":true,"href":"https:\/\/www.cnelbalis.com\/ca\/wp-json\/wp\/v2\/comments?post=29363"}],"version-history":[{"count":1,"href":"https:\/\/www.cnelbalis.com\/ca\/wp-json\/wp\/v2\/posts\/29363\/revisions"}],"predecessor-version":[{"id":31340,"href":"https:\/\/www.cnelbalis.com\/ca\/wp-json\/wp\/v2\/posts\/29363\/revisions\/31340"}],"wp:attachment":[{"href":"https:\/\/www.cnelbalis.com\/ca\/wp-json\/wp\/v2\/media?parent=29363"}],"wp:term":[{"taxonomy":"category","embeddable":true,"href":"https:\/\/www.cnelbalis.com\/ca\/wp-json\/wp\/v2\/categories?post=29363"},{"taxonomy":"post_tag","embeddable":true,"href":"https:\/\/www.cnelbalis.com\/ca\/wp-json\/wp\/v2\/tags?post=29363"}],"curies":[{"name":"wp","href":"https:\/\/api.w.org\/{rel}","templated":true}]}}