{"id":29362,"date":"2020-09-14T08:53:00","date_gmt":"2020-09-14T06:53:00","guid":{"rendered":"https:\/\/club.cnelbalis.com\/tara-pacheco-i-florian-trittel-novens-en-la-internacional-setmana-de-kiel\/"},"modified":"2022-06-24T09:01:05","modified_gmt":"2022-06-24T07:01:05","slug":"tara-pacheco-i-florian-trittel-novens-en-la-internacional-setmana-de-kiel","status":"publish","type":"post","link":"https:\/\/www.cnelbalis.com\/ca\/tara-pacheco-i-florian-trittel-novens-en-la-internacional-setmana-de-kiel\/","title":{"rendered":"Tara Pacheco i Florian Trittel, novens en la Internacional Setmana de Kiel"},"content":{"rendered":"<p>El 9 de setembre va comen\u00e7ar la segona part de la Kieler Woche, la Setmana de Kiel, dedicada gaireb\u00e9 exclusivament a les classes ol\u00edmpiques, amb pres\u00e8ncia de regatistes de les classes 49er, 49erFX i Nacra 17.<\/p>\n<p>El camp de regates de la ciutat alemanya va ser testat des del passat dia 5 a la Sailing Aarhus per altres classes de vela lleugera i creuer, encadenant regates amb puntualitat i organitzaci\u00f3 germ\u00e0niques, el necessari per culminar amb \u00e8xit un campionat que reuneix m\u00e9s d&#8217;una vintena de classes.<\/p>\n<p>Tara Pacheco i Florian Trittel es van penjar el bronze per comen\u00e7ar amb ganes la Setmana de Kiel. La parella es va esfor\u00e7ar per aconseguir finalitzar en Top10. I aix\u00ed va ser, la major progressi\u00f3 en la classificaci\u00f3 va ser la de Tara Pacheco i Florian Trittel en Nacra 17, que arrencaven amb el pes de dos fora de l\u00ednia per avan\u00e7ar fins al Top10 de la taula i tancar el campionat amb un meritori nov\u00e8 lloc.<\/p>\n<p>Les condicions de vent es van mantenir al voltant dels 20 nusos, propiciant espectaculars regates per tancar amb la major expectaci\u00f3 l&#8217;esperada Setmana de Kiel.<\/p>\n<p>Com a primer enfrontament de la flota internacional despr\u00e9s de la pand\u00e8mia, la Setmana de Kiel era un aut\u00e8ntic estrena de l&#8217;esprint final de cara a T\u00f2quio 2020, un test de partida en un camp de regates tra\u00efdor i inestable que ha posat a prova a tots els equips, finalitzant amb bona nota per als espanyols.<\/p>\n<p>.<\/p>\n\n","protected":false},"excerpt":{"rendered":"<p>El 9 de setembre va comen\u00e7ar la segona part de la Kieler Woche, la Setmana de Kiel, dedicada gaireb\u00e9 exclusivament a les classes ol\u00edmpiques, amb pres\u00e8ncia de regatistes de les classes 49er, 49erFX i Nacra 17. El camp de regates de la ciutat alemanya va ser testat des del passat dia 5 a la Sailing [&hellip;]<\/p>\n","protected":false},"author":1,"featured_media":0,"comment_status":"open","ping_status":"open","sticky":false,"template":"","format":"standard","meta":{"footnotes":""},"categories":[782,23],"tags":[2150,65,2152,226,1253,674,51,641,88],"class_list":["post-29362","post","type-post","status-publish","format-standard","hentry","category-esport","category-vela","tag-aarhus","tag-balis","tag-flo","tag-florian","tag-kiel","tag-nacra-17","tag-olimpiades","tag-olimpics","tag-trittel"],"acf":[],"_links":{"self":[{"href":"https:\/\/www.cnelbalis.com\/ca\/wp-json\/wp\/v2\/posts\/29362","targetHints":{"allow":["GET"]}}],"collection":[{"href":"https:\/\/www.cnelbalis.com\/ca\/wp-json\/wp\/v2\/posts"}],"about":[{"href":"https:\/\/www.cnelbalis.com\/ca\/wp-json\/wp\/v2\/types\/post"}],"author":[{"embeddable":true,"href":"https:\/\/www.cnelbalis.com\/ca\/wp-json\/wp\/v2\/users\/1"}],"replies":[{"embeddable":true,"href":"https:\/\/www.cnelbalis.com\/ca\/wp-json\/wp\/v2\/comments?post=29362"}],"version-history":[{"count":1,"href":"https:\/\/www.cnelbalis.com\/ca\/wp-json\/wp\/v2\/posts\/29362\/revisions"}],"predecessor-version":[{"id":31339,"href":"https:\/\/www.cnelbalis.com\/ca\/wp-json\/wp\/v2\/posts\/29362\/revisions\/31339"}],"wp:attachment":[{"href":"https:\/\/www.cnelbalis.com\/ca\/wp-json\/wp\/v2\/media?parent=29362"}],"wp:term":[{"taxonomy":"category","embeddable":true,"href":"https:\/\/www.cnelbalis.com\/ca\/wp-json\/wp\/v2\/categories?post=29362"},{"taxonomy":"post_tag","embeddable":true,"href":"https:\/\/www.cnelbalis.com\/ca\/wp-json\/wp\/v2\/tags?post=29362"}],"curies":[{"name":"wp","href":"https:\/\/api.w.org\/{rel}","templated":true}]}}