{"id":29361,"date":"2021-09-23T14:12:56","date_gmt":"2021-09-23T12:12:56","guid":{"rendered":"https:\/\/club.cnelbalis.com\/prova-format-i-gaudeix-amb-els-cursos-de-vela-del-balis\/"},"modified":"2022-06-24T09:01:05","modified_gmt":"2022-06-24T07:01:05","slug":"prova-format-i-gaudeix-amb-els-cursos-de-vela-del-balis","status":"publish","type":"post","link":"https:\/\/www.cnelbalis.com\/ca\/prova-format-i-gaudeix-amb-els-cursos-de-vela-del-balis\/","title":{"rendered":"Prova, forma\u2019t i gaudeix amb els Cursos de Vela d\u2019El Bal\u00eds"},"content":{"rendered":"<p>Est\u00e0s buscant una escola de vela que t\u2019ensenyi a navegar? El Bal\u00eds ofereix cursos de vela per totes les edats i nivells perqu\u00e8 aprenguis a navegar en vela lleugera i agafar la soltesa necess\u00e0ria per convertir-te en un aut\u00e8ntic regatista.<\/p>\n<p>L&#8217;objectiu fonamental \u00e9s l&#8217;assimilaci\u00f3 dels conceptes b\u00e0sics de la navegaci\u00f3 a vela, practicar l&#8217;esport i familiaritzar-se amb el medi ambient. \u00c9s apte per a qualsevol persona, per\u00f2 ideal per aquells que volen seguir formant-se despr\u00e9s d\u2019un curs d\u2019iniciaci\u00f3.<\/p>\n<p>Els t\u00e8cnics, titulats per la Federaci\u00f3 Catalana de Vela, segueixen els principis de professionalitat, seguretat i foment de l\u2019afici\u00f3 a la Vela. Enguany, seguint en tot moment les mesures sanit\u00e0ries de seguretat.<\/p>\n<p>Vine, prova-ho, forma\u2019t i gaudeix!<\/p>\n<p>Si\u00a0 t\u2019has quedat amb les ganes, envia un email <a href=\"mailto:esports@cnelbalis.com\" target=\"_blank\" rel=\"noopener noreferrer\">aqu\u00ed<\/a> o truca al 937929900 (ext.2)<\/p>\n<p><a href=\"https:\/\/esports.cnelbalis.com\/cursos\" target=\"_blank\" rel=\"noopener noreferrer\">Inscriu-te!<\/a><\/p>\n","protected":false},"excerpt":{"rendered":"<p>Est\u00e0s buscant una escola de vela que t\u2019ensenyi a navegar? El Bal\u00eds ofereix cursos de vela per totes les edats i nivells perqu\u00e8 aprenguis a navegar en vela lleugera i agafar la soltesa necess\u00e0ria per convertir-te en un aut\u00e8ntic regatista. L&#8217;objectiu fonamental \u00e9s l&#8217;assimilaci\u00f3 dels conceptes b\u00e0sics de la navegaci\u00f3 a vela, practicar l&#8217;esport i [&hellip;]<\/p>\n","protected":false},"author":1,"featured_media":0,"comment_status":"open","ping_status":"open","sticky":false,"template":"","format":"standard","meta":{"footnotes":""},"categories":[783,782,23],"tags":[65,718,340,659,660,76,52],"class_list":["post-29361","post","type-post","status-publish","format-standard","hentry","category-escola","category-esport","category-vela","tag-balis","tag-curs","tag-escola","tag-extraescolar","tag-nens","tag-regata","tag-vela"],"acf":[],"_links":{"self":[{"href":"https:\/\/www.cnelbalis.com\/ca\/wp-json\/wp\/v2\/posts\/29361","targetHints":{"allow":["GET"]}}],"collection":[{"href":"https:\/\/www.cnelbalis.com\/ca\/wp-json\/wp\/v2\/posts"}],"about":[{"href":"https:\/\/www.cnelbalis.com\/ca\/wp-json\/wp\/v2\/types\/post"}],"author":[{"embeddable":true,"href":"https:\/\/www.cnelbalis.com\/ca\/wp-json\/wp\/v2\/users\/1"}],"replies":[{"embeddable":true,"href":"https:\/\/www.cnelbalis.com\/ca\/wp-json\/wp\/v2\/comments?post=29361"}],"version-history":[{"count":1,"href":"https:\/\/www.cnelbalis.com\/ca\/wp-json\/wp\/v2\/posts\/29361\/revisions"}],"predecessor-version":[{"id":31338,"href":"https:\/\/www.cnelbalis.com\/ca\/wp-json\/wp\/v2\/posts\/29361\/revisions\/31338"}],"wp:attachment":[{"href":"https:\/\/www.cnelbalis.com\/ca\/wp-json\/wp\/v2\/media?parent=29361"}],"wp:term":[{"taxonomy":"category","embeddable":true,"href":"https:\/\/www.cnelbalis.com\/ca\/wp-json\/wp\/v2\/categories?post=29361"},{"taxonomy":"post_tag","embeddable":true,"href":"https:\/\/www.cnelbalis.com\/ca\/wp-json\/wp\/v2\/tags?post=29361"}],"curies":[{"name":"wp","href":"https:\/\/api.w.org\/{rel}","templated":true}]}}