{"id":29350,"date":"2020-07-24T08:13:40","date_gmt":"2020-07-24T06:13:40","guid":{"rendered":"https:\/\/club.cnelbalis.com\/tot-va-vent-en-popa-al-balis-camp\/"},"modified":"2022-06-24T09:00:59","modified_gmt":"2022-06-24T07:00:59","slug":"tot-va-vent-en-popa-al-balis-camp","status":"publish","type":"post","link":"https:\/\/www.cnelbalis.com\/ca\/tot-va-vent-en-popa-al-balis-camp\/","title":{"rendered":"Tot va vent en popa al Bal\u00eds Camp!"},"content":{"rendered":"<p>Aquesta setmana es compleix un mes des de l&#8217;inici de l&#8217;casal, en un any que, com tots sabeu, \u00e9s m\u00e9s que excepcional.<\/p>\n<p>La situaci\u00f3 actual ha fet que ens replantegem el format de l&#8217;Bal\u00eds Camp. Estem prenent totes les mesures necess\u00e0ries perqu\u00e8 les activitats que desenvolupem es duguin a terme de forma segura, sense perdre de vista els principals objectius de l&#8217;projecte: diversi\u00f3, pedagogia i foment dels valors propis de l&#8217;Bal\u00eds (amistat, treball en equip, respecte per el medi ambient, etc.) i treballant molt especialment la sensibilitzaci\u00f3 dels m\u00e9s petits en relaci\u00f3 a aquesta nova normalitat provocada per la pand\u00e8mia Covid-19.<\/p>\n<p>Dimecres passat vam realitzar m\u00e9s de quaranta test PCR a tot l&#8217;equip vinculat a l&#8217;Bal\u00eds Camp, amb un resultat negatiu en tots els casos.<\/p>\n<p>Des del primer dia estem seguint un exhaustiu protocol de seguretat que us volem detallar:<\/p>\n<p><strong>&#8211; AFORAMENT:<\/strong> s&#8217;ha limitat un aforament m\u00e0xim per a cada activitat tenint en compte la superf\u00edcie \u00fatil de cada instal\u00b7laci\u00f3. Les activitats s&#8217;estan duent a terme en grups de set nens per instructor.<br \/>\n<strong>&#8211; ESPAI I ACTIVITATS:<\/strong> totes les activitats s&#8217;estan realitzant a l&#8217;aire lliure. S&#8217;han assignat diferents espais per distribuir als alumnes i poder mantenir les dist\u00e0ncies de seguretat i evitar la massificaci\u00f3.<br \/>\n<strong>&#8211; VESTUARIS I DUTXES:<\/strong> estan fora de servei. No obstant aix\u00f2, els banys estan oberts i es desinfecten un m\u00ednim de dues vegades i es ventilen un m\u00ednim de deu minuts, tres vegades a el dia.<br \/>\n<strong>&#8211; EQUIP DE TREBALL:<\/strong> l&#8217;equip de professionals que forma el Bal\u00eds Camp est\u00e0 plenament comprom\u00e8s amb la situaci\u00f3 que estem vivint. Per aix\u00f2, des del Club, s&#8217;ofereix formaci\u00f3 continuada destinada a potenciar les mesures de protecci\u00f3, seguretat i higiene.<\/p>\n<p><strong>&#8211; MESURES DE PROTECCI\u00d3 I PREVENCI\u00d3:<\/strong><\/p>\n<ul>\n<li>\u00das obligatori de m\u00e0scara.<\/li>\n<li>Desinfecci\u00f3 de mans de manera reiterada.<\/li>\n<li>Distanciament f\u00edsic.<\/li>\n<li>Desinfecci\u00f3 de l&#8217;material com\u00fa.<\/li>\n<li>Protocol espec\u00edfic d&#8217;actuaci\u00f3 en cas d&#8217;un positiu de Covid-19.<\/li>\n<li>Comprovaci\u00f3 de s\u00edmptomes diari amb registre corresponent per poder realitzar, en cas necessari, la tra\u00e7abilitat que sol\u00b7licita el Departament de Sanitat.<\/li>\n<\/ul>\n<p>Finalment, en un altre ordre de coses, sabem que els &#8220;petits&#8221; s\u00f3n oblidadissos i despistats gaireb\u00e9 per naturalesa, per\u00f2 si quan arriben a casa observeu que porten roba o estris que no s\u00f3n seus i que v\u00e9nen marcats amb un altre nom, us preguem si us plau que els retornin a l&#8217;endem\u00e0. I m\u00e9s aquest estiu en el qual no \u00e9s recomanable que compartim ampolles, cantimplores, gorres, etc.<\/p>\n<p>Quedem a la vostra disposici\u00f3 per intentar donar resposta i soluci\u00f3 a les demandes i suggeriments que compartiu di\u00e0riament amb el nostre equip.<\/p>\n<p>&nbsp;<\/p>\n\n","protected":false},"excerpt":{"rendered":"<p>Aquesta setmana es compleix un mes des de l&#8217;inici de l&#8217;casal, en un any que, com tots sabeu, \u00e9s m\u00e9s que excepcional. La situaci\u00f3 actual ha fet que ens replantegem el format de l&#8217;Bal\u00eds Camp. Estem prenent totes les mesures necess\u00e0ries perqu\u00e8 les activitats que desenvolupem es duguin a terme de forma segura, sense perdre [&hellip;]<\/p>\n","protected":false},"author":1,"featured_media":0,"comment_status":"open","ping_status":"open","sticky":false,"template":"","format":"standard","meta":{"footnotes":""},"categories":[783,782,23],"tags":[65,217,633],"class_list":["post-29350","post","type-post","status-publish","format-standard","hentry","category-escola","category-esport","category-vela","tag-balis","tag-camp","tag-casal"],"acf":[],"_links":{"self":[{"href":"https:\/\/www.cnelbalis.com\/ca\/wp-json\/wp\/v2\/posts\/29350","targetHints":{"allow":["GET"]}}],"collection":[{"href":"https:\/\/www.cnelbalis.com\/ca\/wp-json\/wp\/v2\/posts"}],"about":[{"href":"https:\/\/www.cnelbalis.com\/ca\/wp-json\/wp\/v2\/types\/post"}],"author":[{"embeddable":true,"href":"https:\/\/www.cnelbalis.com\/ca\/wp-json\/wp\/v2\/users\/1"}],"replies":[{"embeddable":true,"href":"https:\/\/www.cnelbalis.com\/ca\/wp-json\/wp\/v2\/comments?post=29350"}],"version-history":[{"count":1,"href":"https:\/\/www.cnelbalis.com\/ca\/wp-json\/wp\/v2\/posts\/29350\/revisions"}],"predecessor-version":[{"id":31327,"href":"https:\/\/www.cnelbalis.com\/ca\/wp-json\/wp\/v2\/posts\/29350\/revisions\/31327"}],"wp:attachment":[{"href":"https:\/\/www.cnelbalis.com\/ca\/wp-json\/wp\/v2\/media?parent=29350"}],"wp:term":[{"taxonomy":"category","embeddable":true,"href":"https:\/\/www.cnelbalis.com\/ca\/wp-json\/wp\/v2\/categories?post=29350"},{"taxonomy":"post_tag","embeddable":true,"href":"https:\/\/www.cnelbalis.com\/ca\/wp-json\/wp\/v2\/tags?post=29350"}],"curies":[{"name":"wp","href":"https:\/\/api.w.org\/{rel}","templated":true}]}}