{"id":29348,"date":"2020-07-15T07:41:15","date_gmt":"2020-07-15T05:41:15","guid":{"rendered":"https:\/\/club.cnelbalis.com\/el-mullat-per-lesclerosi-multiple-denguany-amb-diferent-format\/"},"modified":"2022-06-24T09:00:59","modified_gmt":"2022-06-24T07:00:59","slug":"el-mullat-per-lesclerosi-multiple-denguany-amb-diferent-format","status":"publish","type":"post","link":"https:\/\/www.cnelbalis.com\/ca\/el-mullat-per-lesclerosi-multiple-denguany-amb-diferent-format\/","title":{"rendered":"El \u201cMulla\u2019t per l\u2019esclerosi m\u00faltiple\u201d d\u2019enguany amb diferent format"},"content":{"rendered":"<p><img loading=\"lazy\" decoding=\"async\" class=\"size-medium wp-image-19153 alignleft\" src=\"https:\/\/www.cnelbalis.com\/wp-content\/uploads\/vj-w\/-i\/mullat-imatge-baixa-209x300.png\" alt=\"\" width=\"209\" height=\"300\" \/><\/p>\n<p>El &#8216;Mulla&#8217;t\u00a0per l&#8217;esclerosi m\u00faltiple&#8217; s&#8217;acosta i enguany, degut a la crisi del coronavirus, ser\u00e0 un Mulla&#8217;t extraordinari. Aquest any, no hi haur\u00e0 Campionat Social de Nataci\u00f3 perqu\u00e8 passar\u00edem l\u2019aforament i ens traslladarem a la platja del Club. All\u00e0 farem relleus de nataci\u00f3.<\/p>\n<p><strong>Es far\u00e0 el diumenge 9 d\u2019agost a les 12h.<\/strong><\/p>\n<p>Es faran dos recorreguts, un pels adults de 800m i l\u2019altre de 400m pels infants.<\/p>\n<p>Es sortir\u00e0 des de la platja, s\u2019haur\u00e0 d\u2019arribar a la boia i tornar a la platja on hi haur\u00e0 la l\u00ednia d\u2019arribada. Els adults, que faran 800m, repetiran aquest recorregut.<\/p>\n<p>Per participar t\u2019haur\u00e0s d\u2019inscriure enviant un email a <a href=\"mailto:esports@cnelbalis.com\" target=\"_blank\" rel=\"noopener\">esports@cnelbalis.com<\/a>. La participaci\u00f3 tindr\u00e0 un cost de 2\u20ac simb\u00f2lics, la total receptaci\u00f3 de la qual anir\u00e0 destinada a la campanya \u201cMulla\u2019t per l\u2019esclerosi m\u00faltiple\u201d. Aix\u00ed mateix, hi haur\u00e0 merchandising de la campanya a la recepci\u00f3 del Club i el mateix dia 9 a la platja del Bal\u00eds.<\/p>\n","protected":false},"excerpt":{"rendered":"<p>El &#8216;Mulla&#8217;t\u00a0per l&#8217;esclerosi m\u00faltiple&#8217; s&#8217;acosta i enguany, degut a la crisi del coronavirus, ser\u00e0 un Mulla&#8217;t extraordinari. Aquest any, no hi haur\u00e0 Campionat Social de Nataci\u00f3 perqu\u00e8 passar\u00edem l\u2019aforament i ens traslladarem a la platja del Club. All\u00e0 farem relleus de nataci\u00f3. Es far\u00e0 el diumenge 9 d\u2019agost a les 12h. Es faran dos recorreguts, [&hellip;]<\/p>\n","protected":false},"author":1,"featured_media":0,"comment_status":"open","ping_status":"open","sticky":false,"template":"","format":"standard","meta":{"footnotes":""},"categories":[784,782,26],"tags":[65,242,2125,2126,1954,2127,142],"class_list":["post-29348","post","type-post","status-publish","format-standard","hentry","category-altres","category-esport","category-social","tag-balis","tag-campanya","tag-collaboracio","tag-esclerosis","tag-mullat","tag-multiple","tag-rsc"],"acf":[],"_links":{"self":[{"href":"https:\/\/www.cnelbalis.com\/ca\/wp-json\/wp\/v2\/posts\/29348","targetHints":{"allow":["GET"]}}],"collection":[{"href":"https:\/\/www.cnelbalis.com\/ca\/wp-json\/wp\/v2\/posts"}],"about":[{"href":"https:\/\/www.cnelbalis.com\/ca\/wp-json\/wp\/v2\/types\/post"}],"author":[{"embeddable":true,"href":"https:\/\/www.cnelbalis.com\/ca\/wp-json\/wp\/v2\/users\/1"}],"replies":[{"embeddable":true,"href":"https:\/\/www.cnelbalis.com\/ca\/wp-json\/wp\/v2\/comments?post=29348"}],"version-history":[{"count":1,"href":"https:\/\/www.cnelbalis.com\/ca\/wp-json\/wp\/v2\/posts\/29348\/revisions"}],"predecessor-version":[{"id":31325,"href":"https:\/\/www.cnelbalis.com\/ca\/wp-json\/wp\/v2\/posts\/29348\/revisions\/31325"}],"wp:attachment":[{"href":"https:\/\/www.cnelbalis.com\/ca\/wp-json\/wp\/v2\/media?parent=29348"}],"wp:term":[{"taxonomy":"category","embeddable":true,"href":"https:\/\/www.cnelbalis.com\/ca\/wp-json\/wp\/v2\/categories?post=29348"},{"taxonomy":"post_tag","embeddable":true,"href":"https:\/\/www.cnelbalis.com\/ca\/wp-json\/wp\/v2\/tags?post=29348"}],"curies":[{"name":"wp","href":"https:\/\/api.w.org\/{rel}","templated":true}]}}