{"id":29346,"date":"2020-07-13T09:07:27","date_gmt":"2020-07-13T07:07:27","guid":{"rendered":"https:\/\/club.cnelbalis.com\/el-comet-de-lluis-blanchar-salca-amb-la-victoria-de-la-xxvii-edicio-de-la-ruta-de-la-tramuntana\/"},"modified":"2022-06-24T09:00:59","modified_gmt":"2022-06-24T07:00:59","slug":"el-comet-de-lluis-blanchar-salca-amb-la-victoria-de-la-xxvii-edicio-de-la-ruta-de-la-tramuntana","status":"publish","type":"post","link":"https:\/\/www.cnelbalis.com\/ca\/el-comet-de-lluis-blanchar-salca-amb-la-victoria-de-la-xxvii-edicio-de-la-ruta-de-la-tramuntana\/","title":{"rendered":"El Comet@ de Llu\u00eds Blanchar s&#8217;al\u00e7a amb la vict\u00f2ria de la XXVII edici\u00f3 de La Ruta de la Tramuntana"},"content":{"rendered":"<ul>\n<li>Despr\u00e9s de l&#8217;arribada el dissabte 11 de juliol a les 15:41:10 davant el CN \u200b\u200bL&#8217;Escala de l&#8217;\u00faltim participant, es pot afirmar el rotund \u00e8xit esportiu d&#8217;aquesta XXVII edici\u00f3 de La Ruta de la Tramuntana.<\/li>\n<li>Una edici\u00f3 especial marcada per la crisi sanit\u00e0ria de l&#8217;COVID a la qual l&#8217;organitzaci\u00f3 ha sabut adaptar-se garantint en tot moment la dist\u00e0ncia social i centrant tots els esfor\u00e7os en la part t\u00e8cnica i esportiva.<\/li>\n<\/ul>\n<p>Trenta embarcacions, cobrint el m\u00e0xim disponible de places, van prendre la sortida el divendres 10 de juliol de 2020 a les 18h davant de el Club N\u00e0utic El Bal\u00eds. Revisant el llistat d&#8217;inscrits destacava el nivell competitiu dels equips, amb els primers espases de la navegaci\u00f3 d&#8217;altura.<\/p>\n<p>La sortida es va produir sense incidents a l&#8217;hora prevista amb una lleu brisa d&#8217;uns 10 nusos de component NE. Afortundamente, no es va complir el part meteo previst de caiguda completa de vent, i la brisa es va mantenir estable durant tota la nit, permetent avan\u00e7ar a la flota de forma constant.<\/p>\n<p>El Tena\u00e7, 1 Swan 50 de Pablo Garriga que competeix pel RCN de Barcelona creuava el primer de la l\u00ednia d&#8217;arribada a les 03:36:44 del mat\u00ed, li seguien el Caliope J121 de l&#8217;franc\u00e8s, Thierry D&#8217;Argoubetv (Cn Sant Feliu de Gu\u00edxols) i el Hydra, DK46 d&#8217;Oscar Chaves (Cn el Bal\u00eds), creuant a les 04:18:32 ia les 4:24:16 respectivament.<\/p>\n<p>El guanyador de la XXVII edici\u00f3 La Ruta de la Tramuntana ha estat, l&#8217;embarcaci\u00f3 Comet@, un X35 de Llu\u00eds Blanchar, que competeix amb tripulaci\u00f3 A2 pel Club N\u00e0utic El Bal\u00eds. La segona posici\u00f3 de la classificaci\u00f3 general ha estat per al J121 de Thierry D&#8217;Argoubet de el CN \u200b\u200bSant Feliu de Gu\u00edxols i la tercera posici\u00f3 per al Varano del desierto, Sunfast 40 d&#8217;Enrique Twose, de el CN \u200b\u200bd&#8217;Arenys de Mar, que s&#8217;ha imposat a el quart classificat per escassos 21 segons, el Blawcel un B &amp; C41 de l&#8217;RCN de Barcelona, \u200b\u200bpatronejat per Esteve Farr\u00e9s.<\/p>\n<p>Els primers tres llocs de la classificaci\u00f3 espec\u00edfica per a les embarcacions amb Tripulaci\u00f3 Completa (3 o m\u00e9s tripulants) determinants per al Campionat de Catalunya d&#8217;Altura, han estat per les \u00faltimes tres embarcacions esmentades. Caliope, Varano del Desierto i Blawcel.<\/p>\n<p>Per la seva banda, el Comet @, el X35 de Llu\u00eds Blanchar, m\u00e9s enll\u00e0 d&#8217;al\u00e7ar-se amb la vict\u00f2ria absoluta, pujava al m\u00e9s alt de podi en la Classificaci\u00f3 de Tripulaci\u00f3 A2. L&#8217;acompanyaran al podi el Ia Orana, X362Sport de Jordi Zaragoza, que competeix pel CN \u200b\u200bde Vilanova i el Korrigan, X46 de Joan Balaguer defensant els colors del Club de Vela de Blanes.<\/p>\n<p>En solitaris s&#8217;ha lla\u00e7at amb la vict\u00f2ria Joel Brosa, a bord de Sa Sal, 1 Elan 350 IK de l&#8217;RCM de Barcelona, \u200b\u200bimposant-se a Blue Oyster de Robert Llorach. El solitari Joal Brosa ha aconseguit tamb\u00e9 una merit\u00f2ria 5\u00ba posici\u00f3 en la Classificaci\u00f3 de Tripulaci\u00f3 Redu\u00efda.<\/p>\n<p>Finalment, el vaixell de l&#8217;CN l&#8217;Escala, 102 Sud, 1 first 34,7 patronejat per Vicen\u00e7 Batlle i el Suhail, Malbec360 de Xavi M\u00e9s es feien amb la vict\u00f2ria respectivament en les categories PROMO i TRAINING.<\/p>\n<p>A la seva arribada tots els participants han estat obsequiats amb una degustaci\u00f3 d&#8217;anxoves per gentilesa de l&#8217;Ajuntament de l&#8217;Escala i han estat empla\u00e7ats a acudir a el Sal\u00f3 N\u00e0utic de Barcelona on es celebrar\u00e0 la cerim\u00f2nia oficial de lliurament de trofeus.<\/p>\n","protected":false},"excerpt":{"rendered":"<p>Despr\u00e9s de l&#8217;arribada el dissabte 11 de juliol a les 15:41:10 davant el CN \u200b\u200bL&#8217;Escala de l&#8217;\u00faltim participant, es pot afirmar el rotund \u00e8xit esportiu d&#8217;aquesta XXVII edici\u00f3 de La Ruta de la Tramuntana. Una edici\u00f3 especial marcada per la crisi sanit\u00e0ria de l&#8217;COVID a la qual l&#8217;organitzaci\u00f3 ha sabut adaptar-se garantint en tot moment [&hellip;]<\/p>\n","protected":false},"author":1,"featured_media":0,"comment_status":"open","ping_status":"open","sticky":false,"template":"","format":"standard","meta":{"footnotes":""},"categories":[784,782,23],"tags":[],"class_list":["post-29346","post","type-post","status-publish","format-standard","hentry","category-altres","category-esport","category-vela"],"acf":[],"_links":{"self":[{"href":"https:\/\/www.cnelbalis.com\/ca\/wp-json\/wp\/v2\/posts\/29346","targetHints":{"allow":["GET"]}}],"collection":[{"href":"https:\/\/www.cnelbalis.com\/ca\/wp-json\/wp\/v2\/posts"}],"about":[{"href":"https:\/\/www.cnelbalis.com\/ca\/wp-json\/wp\/v2\/types\/post"}],"author":[{"embeddable":true,"href":"https:\/\/www.cnelbalis.com\/ca\/wp-json\/wp\/v2\/users\/1"}],"replies":[{"embeddable":true,"href":"https:\/\/www.cnelbalis.com\/ca\/wp-json\/wp\/v2\/comments?post=29346"}],"version-history":[{"count":1,"href":"https:\/\/www.cnelbalis.com\/ca\/wp-json\/wp\/v2\/posts\/29346\/revisions"}],"predecessor-version":[{"id":31323,"href":"https:\/\/www.cnelbalis.com\/ca\/wp-json\/wp\/v2\/posts\/29346\/revisions\/31323"}],"wp:attachment":[{"href":"https:\/\/www.cnelbalis.com\/ca\/wp-json\/wp\/v2\/media?parent=29346"}],"wp:term":[{"taxonomy":"category","embeddable":true,"href":"https:\/\/www.cnelbalis.com\/ca\/wp-json\/wp\/v2\/categories?post=29346"},{"taxonomy":"post_tag","embeddable":true,"href":"https:\/\/www.cnelbalis.com\/ca\/wp-json\/wp\/v2\/tags?post=29346"}],"curies":[{"name":"wp","href":"https:\/\/api.w.org\/{rel}","templated":true}]}}