{"id":29338,"date":"2020-06-15T13:53:13","date_gmt":"2020-06-15T11:53:13","guid":{"rendered":"https:\/\/club.cnelbalis.com\/arrenquen-els-entrenaments-de-les-flotes\/"},"modified":"2022-06-24T09:00:53","modified_gmt":"2022-06-24T07:00:53","slug":"arrenquen-els-entrenaments-de-les-flotes","status":"publish","type":"post","link":"https:\/\/www.cnelbalis.com\/ca\/arrenquen-els-entrenaments-de-les-flotes\/","title":{"rendered":"Arrenquen els entrenaments de les flotes"},"content":{"rendered":"<p>El cap de setmana 13 i 14 de juny es van reprendre oficialment els entrenaments de les flotes dels equips de regates del Bal\u00eds.<\/p>\n<p>Fins al moment i, abans de comen\u00e7ar la Fase 2, tots els regatistes van entrenar a dist\u00e0ncia a causa del confinament per la Covid 19. Amb l&#8217;inici de la Fase 2, els esportistes van sortir a navegar amb els seus companys i entrenadors sempre mantenint les mesures de seguretat.<\/p>\n<p>Aix\u00ed mateix, el dilluns seg\u00fcent, 22 de juny, est\u00e0 previst l&#8217;inici del Bal\u00eds Camp, casal de multiactivitat n\u00e0utica per a nens de 4 a 17 anys.<\/p>\n<p>L&#8217;escola de vela treballa perqu\u00e8 es compleixin totes les mesures, pautes i recomanacions de seguretat i higiene perqu\u00e8 els nens i joves gaudeixin amb total tranquil\u00b7litat d&#8217;un esport que connecta amb la natura, que forma molt m\u00e9s que navegants, nens respectuosos amb el medi ambient.<\/p>\n<p>Els grups es reestructuraran reduint la r\u00e0tio d&#8217;alumnes per activitat i embarcaci\u00f3.<\/p>\n<p>Les inscripcions continuen obertes a trav\u00e9s del web de compra d&#8217;activitats, <a href=\"https:\/\/esports.cnelbalis.com\/campus\" target=\"_blank\" rel=\"noopener\">aqu\u00ed<\/a>.<\/p>\n\n","protected":false},"excerpt":{"rendered":"<p>El cap de setmana 13 i 14 de juny es van reprendre oficialment els entrenaments de les flotes dels equips de regates del Bal\u00eds. Fins al moment i, abans de comen\u00e7ar la Fase 2, tots els regatistes van entrenar a dist\u00e0ncia a causa del confinament per la Covid 19. Amb l&#8217;inici de la Fase 2, [&hellip;]<\/p>\n","protected":false},"author":1,"featured_media":0,"comment_status":"open","ping_status":"open","sticky":false,"template":"","format":"standard","meta":{"footnotes":""},"categories":[783,782,23],"tags":[65,640,603],"class_list":["post-29338","post","type-post","status-publish","format-standard","hentry","category-escola","category-esport","category-vela","tag-balis","tag-flotes","tag-regates"],"acf":[],"_links":{"self":[{"href":"https:\/\/www.cnelbalis.com\/ca\/wp-json\/wp\/v2\/posts\/29338","targetHints":{"allow":["GET"]}}],"collection":[{"href":"https:\/\/www.cnelbalis.com\/ca\/wp-json\/wp\/v2\/posts"}],"about":[{"href":"https:\/\/www.cnelbalis.com\/ca\/wp-json\/wp\/v2\/types\/post"}],"author":[{"embeddable":true,"href":"https:\/\/www.cnelbalis.com\/ca\/wp-json\/wp\/v2\/users\/1"}],"replies":[{"embeddable":true,"href":"https:\/\/www.cnelbalis.com\/ca\/wp-json\/wp\/v2\/comments?post=29338"}],"version-history":[{"count":1,"href":"https:\/\/www.cnelbalis.com\/ca\/wp-json\/wp\/v2\/posts\/29338\/revisions"}],"predecessor-version":[{"id":31315,"href":"https:\/\/www.cnelbalis.com\/ca\/wp-json\/wp\/v2\/posts\/29338\/revisions\/31315"}],"wp:attachment":[{"href":"https:\/\/www.cnelbalis.com\/ca\/wp-json\/wp\/v2\/media?parent=29338"}],"wp:term":[{"taxonomy":"category","embeddable":true,"href":"https:\/\/www.cnelbalis.com\/ca\/wp-json\/wp\/v2\/categories?post=29338"},{"taxonomy":"post_tag","embeddable":true,"href":"https:\/\/www.cnelbalis.com\/ca\/wp-json\/wp\/v2\/tags?post=29338"}],"curies":[{"name":"wp","href":"https:\/\/api.w.org\/{rel}","templated":true}]}}