{"id":29333,"date":"2020-06-01T15:45:42","date_gmt":"2020-06-01T13:45:42","guid":{"rendered":"https:\/\/club.cnelbalis.com\/florian-trittel-mai-havia-estat-tan-temps-fora-de-laigua\/"},"modified":"2022-06-24T09:00:53","modified_gmt":"2022-06-24T07:00:53","slug":"florian-trittel-mai-havia-estat-tan-temps-fora-de-laigua","status":"publish","type":"post","link":"https:\/\/www.cnelbalis.com\/ca\/florian-trittel-mai-havia-estat-tan-temps-fora-de-laigua\/","title":{"rendered":"Florian Trittel: \u201cMai havia estat tan temps fora de l&#8217;aigua\u201d"},"content":{"rendered":"<p>Florian Trittel es va iniciar en el m\u00f3n de la vela als 6 anys, de la m\u00e0 del seu pare i des de llavors no recorda estar un per\u00edode de temps tan llarg sense estar en contacte amb el mar. L&#8217;estat d&#8217;alarma va sorprendre, amb la seva companya Tara Pacheco i el seu entrenador Alvaro de l&#8217;Arc, quan estaven a Palma de Mallorca preparant el seu<br \/>\nparticipaci\u00f3 en el Trofeu Princesa Sofia. Un temps que han aprofitat per entrenar fora de l&#8217;aigua i treballar en la comunicaci\u00f3 i el reglament.<\/p>\n<p>Dos mesos despr\u00e9s, l&#8217;equip es prepara per viatjar a al Centre Especialitzat d&#8217;Alt Rendiment (CEAR) Pr\u00edncep Felip de Santander per reprendre els entrenaments i preparar el que ser\u00e0 el debut ol\u00edmpic per Trittel en Nacra 17 en els Jocs Ol\u00edmpics de T\u00f2quio 2021. &#8220;Tara i jo estem molt alineats per treballar tot el dur que puguem per aconseguir l&#8217;or a T\u00f2quio &#8220;, assegura.<\/p>\n<p><strong>Una campanya ol\u00edmpica contrarellotge<\/strong><br \/>\nFa poc m\u00e9s d&#8217;un any i mig, un amic en com\u00fa li va explicar a Trittel que Tara Pacheco s&#8217;havia quedat sense company en Nacra 17 per participar en els Jocs de T\u00f2quio previstos per al 2020 i es van posar en contacte. &#8220;Normalment els equips tenen 4 anys de marge per preparar uns Jocs. Nosaltres ten\u00edem nom\u00e9s un any i mig per preparar i una selecci\u00f3 per al pa\u00eds complicada &#8220;confessa Trittel.<\/p>\n<p>El duo mixt va aconseguir un 5\u00e8 lloc a Nova Zelanda, aconseguint classificar a Espanya i, en el mundial d&#8217;Austr\u00e0lia al febrer es va classificar per als Jocs Ol\u00edmpics.<\/p>\n<p>&#8220;L&#8217;ajornament dels JJOO pel COVID-19 ens permetr\u00e0 seguir treballant per marcar la difer\u00e8ncia a T\u00f2quio. Ten\u00edem una corba d&#8217;aprenentatge molt empinada i aquesta aturada ens conv\u00e9 m\u00e9s que a altres equips. Espr\u00e9mer les nostres fortaleses individuals ens ha perm\u00e8s classificar-nos en tan sols un any per\u00f2 tenim un gran repte per davant. &#8220;, explica.<\/p>\n<p><strong>El somni ol\u00edmpic de Trittel: dues vegades ajornat<\/strong><br \/>\nFlorian Trittel es va traslladar a Tarifa amb 18 anys per combinar els estudis (Administraci\u00f3 i direcci\u00f3 d&#8217;empreses) amb la pr\u00e0ctica de kitesurf, una altra de les seves grans passions. &#8220;Despr\u00e9s dels Jocs de Londres es va decidir que el Kitesurf substitu\u00eds el Windsurf en els Jocs de Rio, aix\u00ed que la meva intenci\u00f3 era combinar els estudis amb la preparaci\u00f3 ol\u00edmpica a Kite&#8221;. Per\u00f2 no va poder ser, finalment, no anava a ser esport ol\u00edmpic.<\/p>\n<p>Hi havia una altra oportunitat en els Jocs de T\u00f2quio 2020. Aix\u00ed que Trittel va acabar els estudis per\u00f2 va resultar que a T\u00f2quio 2020 tampoc es va acceptar el Kitesurf com ol\u00edmpic. Trittel va tornar a Barcelona i va emprendre Flying Sardine, una empresa que produeix foils (alerons) de Kite i que vol convertir en prove\u00efdora oficial d&#8217;aquestes peces als JJOO de Par\u00eds 2024, quan per primera vegada aquesta classe es convertir\u00e0 en esport ol\u00edmpic.<\/p>\n<p>&#8220;El hydrofoil de kite \u00e9s un esport ol\u00edmpic en el qual es navega sol per\u00f2 es tracta de categoria mixta, \u00e9s a dir, que es puntua conjuntament. \u00c9s una opci\u00f3 preparar una campanya ol\u00edmpica per competir. De fet estem parlant amb Gisela Pulido aix\u00ed que no ho descarto &#8220;, diu Trittel.<\/p>\n<p><strong>Una carrera d&#8217;\u00e8xit al CN el Bal\u00eds<\/strong><br \/>\nFlorian Trittel va comen\u00e7ar navegant en Optimist a les aig\u00fces de Sant Andreu de Llavaneres. &#8220;Recordo participar en el meu primer campionat d&#8217;Espanya d&#8217;Optimist i aqu\u00ed vaig decidir que aquests nois eren els meus \u00eddols i que volia dedicar el meu temps d&#8217;oci a la mar&#8221;. Al CN El Bal\u00eds es va formar amb els germans Resano i va comen\u00e7ar a professionalitzar-dins de l&#8217;esport juvenil, guanyant el subcampionat d&#8217;Espanya i classificant-se per al mundial (en el qual no va poder participar per una q\u00fcesti\u00f3 d&#8217;inter\u00e8s pol\u00edtic en contra seva, ja que encara no tenia la nacionalitat espanyola).<\/p>\n<p>Posteriorment va passar a la classe 29er amb el seu germ\u00e0 i m\u00e9s tard va formar equip amb Carlos Robles. &#8220;Pel Bal\u00eds ho vam guanyar pr\u00e0cticament tot. Vam ser campions d&#8217;Espanya, d&#8217;Europa i de l&#8217;M\u00f3n absolut. La clau de l&#8217;\u00e8xit va ser que ens complement\u00e1bamos molt b\u00e9 i professionalitzem els entrenaments &#8220;.<\/p>\n<p>El pas l\u00f2gic hagu\u00e9s estat competir en 49er i intentar anar als Jocs Ol\u00edmpics per\u00f2 Trittel va decidir estudiar una carrera, instal\u00b7lar-se a Tarifa i continuar amb el Kitesurf.<\/p>\n<p><strong>Projecte SailGP<\/strong><br \/>\nPer si fos poc, Trittel tamb\u00e9 est\u00e0 en l&#8217;equip d&#8217;Espanya al Circuit Mundial SailGP de catamarans amb foils. Es tracta dels catamarans m\u00e9s r\u00e0pids de l&#8217;m\u00f3n amb la tecnologia m\u00e9s avan\u00e7ada. L&#8217;equip espanyol va quedar 4t en el campionat de Sydney.<\/p>\n<p>&#8220;Per al proper any es plantegen 7 esdeveniments a nivell mundial. L&#8217;objectiu principal d&#8217;el circuit \u00e9s crear un model de competici\u00f3 de vela que sigui atractiu tamb\u00e9 per al p\u00fablic no navegant. Actualment, cinc dels membres de l&#8217;equip estem immersos en campanyes ol\u00edmpiques per\u00f2 la idea \u00e9s poder compaginar-ja que entrenar en altres tipus de vaixells tamb\u00e9 ens forma com regatistes i ens fan ser esportistes m\u00e9s complets &#8220;, conclou Trittel.<\/p>\n","protected":false},"excerpt":{"rendered":"<p>Florian Trittel es va iniciar en el m\u00f3n de la vela als 6 anys, de la m\u00e0 del seu pare i des de llavors no recorda estar un per\u00edode de temps tan llarg sense estar en contacte amb el mar. L&#8217;estat d&#8217;alarma va sorprendre, amb la seva companya Tara Pacheco i el seu entrenador Alvaro [&hellip;]<\/p>\n","protected":false},"author":1,"featured_media":0,"comment_status":"open","ping_status":"open","sticky":false,"template":"","format":"standard","meta":{"footnotes":""},"categories":[784,782,23],"tags":[65,226,640,641,76,88],"class_list":["post-29333","post","type-post","status-publish","format-standard","hentry","category-altres","category-esport","category-vela","tag-balis","tag-florian","tag-flotes","tag-olimpics","tag-regata","tag-trittel"],"acf":[],"_links":{"self":[{"href":"https:\/\/www.cnelbalis.com\/ca\/wp-json\/wp\/v2\/posts\/29333","targetHints":{"allow":["GET"]}}],"collection":[{"href":"https:\/\/www.cnelbalis.com\/ca\/wp-json\/wp\/v2\/posts"}],"about":[{"href":"https:\/\/www.cnelbalis.com\/ca\/wp-json\/wp\/v2\/types\/post"}],"author":[{"embeddable":true,"href":"https:\/\/www.cnelbalis.com\/ca\/wp-json\/wp\/v2\/users\/1"}],"replies":[{"embeddable":true,"href":"https:\/\/www.cnelbalis.com\/ca\/wp-json\/wp\/v2\/comments?post=29333"}],"version-history":[{"count":1,"href":"https:\/\/www.cnelbalis.com\/ca\/wp-json\/wp\/v2\/posts\/29333\/revisions"}],"predecessor-version":[{"id":31310,"href":"https:\/\/www.cnelbalis.com\/ca\/wp-json\/wp\/v2\/posts\/29333\/revisions\/31310"}],"wp:attachment":[{"href":"https:\/\/www.cnelbalis.com\/ca\/wp-json\/wp\/v2\/media?parent=29333"}],"wp:term":[{"taxonomy":"category","embeddable":true,"href":"https:\/\/www.cnelbalis.com\/ca\/wp-json\/wp\/v2\/categories?post=29333"},{"taxonomy":"post_tag","embeddable":true,"href":"https:\/\/www.cnelbalis.com\/ca\/wp-json\/wp\/v2\/tags?post=29333"}],"curies":[{"name":"wp","href":"https:\/\/api.w.org\/{rel}","templated":true}]}}