{"id":29326,"date":"2020-04-14T13:41:27","date_gmt":"2020-04-14T11:41:27","guid":{"rendered":"https:\/\/club.cnelbalis.com\/2n-campionat-de-la-balis-virtual-regata\/"},"modified":"2022-06-24T09:00:53","modified_gmt":"2022-06-24T07:00:53","slug":"2n-campionat-de-la-balis-virtual-regata","status":"publish","type":"post","link":"https:\/\/www.cnelbalis.com\/ca\/2n-campionat-de-la-balis-virtual-regata\/","title":{"rendered":"2n Campionat de la Bal\u00eds Virtual Regata"},"content":{"rendered":"<p>Durant la setmana de Setmana Santa, del 6 al 9 d\u2019abril, s\u2019ha organitzat el 2n Campionat Social Bal\u00eds Virtual Regatta In-shore. Aquesta iniciativa va n\u00e9ixer a finals de mar\u00e7 amb la primera edici\u00f3 despr\u00e9s de con\u00e8ixer la cancel\u00b7laci\u00f3 absoluta de tots els esdeveniments f\u00edsics esportius i per tant, per no perdre el rumb i seguir navegant.<\/p>\n<p>El 2n campionat ha tornat a ser un \u00e8xit! Quatre dies de competici\u00f3, 150 participants, 16 regates realitzades, una Medal Race apassionant i una 3a edici\u00f3 de competici\u00f3 a la vista! <strong>Del 27 al 29 d\u2019abril us tornem a esperar!<\/strong><\/p>\n<p>Des del Club volem donar les gr\u00e0cies als organitzadors: Magda Resano, Pancho de Budall\u00e9s i Cris Cort\u00e9s per la gran feina i preparaci\u00f3 del Campionat. Aix\u00ed mateix, agrair als managers i col\u00b7laboradors: Marc Calvi\u00f1o, Willy Pi-Su\u00f1er, Sigfrid Rovira, Oscar Lopez, Guillem Vidiella i Mart\u00ed Serr\u00e0.<\/p>\n<p>Els guanyadors han estat:<\/p>\n<p><strong>Top5<\/strong><br \/>\n&#x1f3c6; Quique Urios<br \/>\n&#x1f948; Alfons Echegaray<br \/>\n&#x1f949; Miki Perez<br \/>\n4) Nico Borras<br \/>\n5) Justo Martinez<\/p>\n<p><strong>U16<\/strong><br \/>\n&#x1f947;Pol Font<br \/>\n&#x1f948;Sandro Portune<br \/>\n&#x1f949;Pol Rafart<\/p>\n<p><strong>U23<\/strong><br \/>\n&#x1f947;Quique Urios<br \/>\n&#x1f948;Miki Perez<br \/>\n&#x1f949;Nico Borras<\/p>\n<p><strong>U35<\/strong><br \/>\n&#x1f947;Alfons Echegaray<br \/>\n&#x1f948;Willy Pi Su\u00f1er<br \/>\n&#x1f949;Sigfrid Rovira<\/p>\n<p><strong>Senior<\/strong><br \/>\n&#x1f947;Justo Martinez<br \/>\n&#x1f948;Marcos Altarriba<br \/>\n&#x1f949;Magda Resano<\/p>\n<p><strong>F\u00e8mines<\/strong><br \/>\n&#x1f947;Natalia de Francisco<br \/>\n&#x1f948;Helena Pru\u00f1onosa<br \/>\n&#x1f949;M\u00f3nica veenhoven<\/p>\n<p><strong>1ers de grup<\/strong><br \/>\n&#x1f3c6; Oro- Quique Urios<br \/>\n&#x1f3c6; Plata- Max Urquizu<br \/>\n&#x1f3c6; Bronce- Quim Ibern<br \/>\n&#x1f3c6; Esmeralda- Sandro Portune<br \/>\n&#x1f3c6; Carbono- Javi Marsans<br \/>\n&#x1f3c6; Dynema- Sara L\u00f3p<\/p>\n<p>&nbsp;<\/p>\n","protected":false},"excerpt":{"rendered":"<p>Durant la setmana de Setmana Santa, del 6 al 9 d\u2019abril, s\u2019ha organitzat el 2n Campionat Social Bal\u00eds Virtual Regatta In-shore. Aquesta iniciativa va n\u00e9ixer a finals de mar\u00e7 amb la primera edici\u00f3 despr\u00e9s de con\u00e8ixer la cancel\u00b7laci\u00f3 absoluta de tots els esdeveniments f\u00edsics esportius i per tant, per no perdre el rumb i seguir [&hellip;]<\/p>\n","protected":false},"author":1,"featured_media":0,"comment_status":"open","ping_status":"open","sticky":false,"template":"","format":"standard","meta":{"footnotes":""},"categories":[783,782,23],"tags":[65,591,2082,76,626],"class_list":["post-29326","post","type-post","status-publish","format-standard","hentry","category-escola","category-esport","category-vela","tag-balis","tag-flota","tag-inshore","tag-regata","tag-virtual"],"acf":[],"_links":{"self":[{"href":"https:\/\/www.cnelbalis.com\/ca\/wp-json\/wp\/v2\/posts\/29326","targetHints":{"allow":["GET"]}}],"collection":[{"href":"https:\/\/www.cnelbalis.com\/ca\/wp-json\/wp\/v2\/posts"}],"about":[{"href":"https:\/\/www.cnelbalis.com\/ca\/wp-json\/wp\/v2\/types\/post"}],"author":[{"embeddable":true,"href":"https:\/\/www.cnelbalis.com\/ca\/wp-json\/wp\/v2\/users\/1"}],"replies":[{"embeddable":true,"href":"https:\/\/www.cnelbalis.com\/ca\/wp-json\/wp\/v2\/comments?post=29326"}],"version-history":[{"count":1,"href":"https:\/\/www.cnelbalis.com\/ca\/wp-json\/wp\/v2\/posts\/29326\/revisions"}],"predecessor-version":[{"id":31303,"href":"https:\/\/www.cnelbalis.com\/ca\/wp-json\/wp\/v2\/posts\/29326\/revisions\/31303"}],"wp:attachment":[{"href":"https:\/\/www.cnelbalis.com\/ca\/wp-json\/wp\/v2\/media?parent=29326"}],"wp:term":[{"taxonomy":"category","embeddable":true,"href":"https:\/\/www.cnelbalis.com\/ca\/wp-json\/wp\/v2\/categories?post=29326"},{"taxonomy":"post_tag","embeddable":true,"href":"https:\/\/www.cnelbalis.com\/ca\/wp-json\/wp\/v2\/tags?post=29326"}],"curies":[{"name":"wp","href":"https:\/\/api.w.org\/{rel}","templated":true}]}}