{"id":29322,"date":"2020-03-30T08:34:36","date_gmt":"2020-03-30T06:34:36","guid":{"rendered":"https:\/\/club.cnelbalis.com\/exitosa-1a-edicio-de-la-balis-regata-virtual\/"},"modified":"2022-06-24T09:00:52","modified_gmt":"2022-06-24T07:00:52","slug":"exitosa-1a-edicio-de-la-balis-regata-virtual","status":"publish","type":"post","link":"https:\/\/www.cnelbalis.com\/ca\/exitosa-1a-edicio-de-la-balis-regata-virtual\/","title":{"rendered":"Exitosa 1a edici\u00f3 de la Bal\u00eds Regata Virtual"},"content":{"rendered":"<p>Del 25 al 28 de mar\u00e7 s\u2019ha organitzat el <strong>1er Campionat Social Bal\u00eds Virtual Regatta In-shore<\/strong>. Aquesta iniciativa neix despr\u00e9s de con\u00e8ixer la cancel\u00b7laci\u00f3 absoluta de tots els esdeveniments f\u00edsics esportius i per tant, per no perdre el rumb i seguir navegant es va organitzar aquest campionat virtual. En 3 dies ja hi havia totes les places disponibles plenes, 100 inscrits van participar en aquesta regata, una regata en record a Gabi Cort\u00e9s.<\/p>\n<p>Ha estat un campionat molt interessant, la rivalitat donava joc a la competici\u00f3; punts amunt, punts avall&#8230;<br \/>\nI finalment el podi ha estat el seg\u00fcent:<\/p>\n<p>&#x1f3c6;<strong> General i U35:<\/strong><\/p>\n<ul>\n<li>Miquel Iniesta<\/li>\n<li>Algons Echegaray<\/li>\n<li>Matias Sabate<\/li>\n<li>Miquel Perez<\/li>\n<li>Ferran Jurado<\/li>\n<\/ul>\n<p>&#x1f3c6; <strong>Senior:<\/strong><\/p>\n<ul>\n<li>Carles Rodriguez<\/li>\n<li>Albert Valles<\/li>\n<li>Aitor Barrenechea<\/li>\n<\/ul>\n<p><strong>&#x1f3c6;Sub16<\/strong><\/p>\n<ul>\n<li>Alberto Marsans<\/li>\n<li>Ricard Garriga<\/li>\n<li>Pol Rafart<\/li>\n<\/ul>\n<p>&#x1f947;<strong>Flota Or:<\/strong> Miquel Iniesta<br \/>\n&#x1f947;<strong>Flota Plata:<\/strong> Alberto Guillen<br \/>\n&#x1f947;<strong>Flota Bronze<\/strong>: Alex Marti<br \/>\n&#x1f947; <strong>Flota Esmeralda<\/strong>: Pol Rafart<br \/>\n&#x1f947;<strong>Flota Fusta<\/strong>: Pablo Calbeto<\/p>\n<p>Des del Club volem donar les gr\u00e0cies als organitzadors: Magda Resano, Pancho de Budall\u00e9s i Cris Cort\u00e9s per la gran feina i preparaci\u00f3 del Campionat. Aix\u00ed mateix agrair als managers i col\u00b7laboradors: Marc Calvi\u00f1o, Willy Pi-Su\u00f1er, Sigfrid Rovira, Oscar Lopez, Guillem Vidiella i Pablo Calbeto.<\/p>\n<p>I aix\u00f2 no acaba aqu\u00ed, perqu\u00e8 ja hi ha data per la segona edici\u00f3 de la Bal\u00eds Virtual Regata. Del dilluns 6 al dijous 9 d&#8217;abril, ens tornarem a veure. Dem\u00e0 obrim inscripcions, <a href=\"http:\/\/cnelbalis.sailti.com\/es\/default\/races\" target=\"_blank\" rel=\"noopener\">aqu\u00ed<\/a>.<\/p>\n<p><img loading=\"lazy\" decoding=\"async\" class=\"size-medium wp-image-18629 aligncenter\" src=\"https:\/\/www.cnelbalis.com\/wp-content\/uploads\/vj-w\/-i\/2a-edicio-300x300.jpeg\" alt=\"\" width=\"300\" height=\"300\" \/><\/p>\n","protected":false},"excerpt":{"rendered":"<p>Del 25 al 28 de mar\u00e7 s\u2019ha organitzat el 1er Campionat Social Bal\u00eds Virtual Regatta In-shore. Aquesta iniciativa neix despr\u00e9s de con\u00e8ixer la cancel\u00b7laci\u00f3 absoluta de tots els esdeveniments f\u00edsics esportius i per tant, per no perdre el rumb i seguir navegant es va organitzar aquest campionat virtual. En 3 dies ja hi havia totes [&hellip;]<\/p>\n","protected":false},"author":1,"featured_media":0,"comment_status":"open","ping_status":"open","sticky":false,"template":"","format":"standard","meta":{"footnotes":""},"categories":[783,782,23],"tags":[2079,640,76,626],"class_list":["post-29322","post","type-post","status-publish","format-standard","hentry","category-escola","category-esport","category-vela","tag-competicions","tag-flotes","tag-regata","tag-virtual"],"acf":[],"_links":{"self":[{"href":"https:\/\/www.cnelbalis.com\/ca\/wp-json\/wp\/v2\/posts\/29322","targetHints":{"allow":["GET"]}}],"collection":[{"href":"https:\/\/www.cnelbalis.com\/ca\/wp-json\/wp\/v2\/posts"}],"about":[{"href":"https:\/\/www.cnelbalis.com\/ca\/wp-json\/wp\/v2\/types\/post"}],"author":[{"embeddable":true,"href":"https:\/\/www.cnelbalis.com\/ca\/wp-json\/wp\/v2\/users\/1"}],"replies":[{"embeddable":true,"href":"https:\/\/www.cnelbalis.com\/ca\/wp-json\/wp\/v2\/comments?post=29322"}],"version-history":[{"count":1,"href":"https:\/\/www.cnelbalis.com\/ca\/wp-json\/wp\/v2\/posts\/29322\/revisions"}],"predecessor-version":[{"id":31299,"href":"https:\/\/www.cnelbalis.com\/ca\/wp-json\/wp\/v2\/posts\/29322\/revisions\/31299"}],"wp:attachment":[{"href":"https:\/\/www.cnelbalis.com\/ca\/wp-json\/wp\/v2\/media?parent=29322"}],"wp:term":[{"taxonomy":"category","embeddable":true,"href":"https:\/\/www.cnelbalis.com\/ca\/wp-json\/wp\/v2\/categories?post=29322"},{"taxonomy":"post_tag","embeddable":true,"href":"https:\/\/www.cnelbalis.com\/ca\/wp-json\/wp\/v2\/tags?post=29322"}],"curies":[{"name":"wp","href":"https:\/\/api.w.org\/{rel}","templated":true}]}}