{"id":29317,"date":"2020-03-09T13:12:42","date_gmt":"2020-03-09T12:12:42","guid":{"rendered":"https:\/\/club.cnelbalis.com\/tatan-riquelme-i-miquel-perez-campions-de-la-regata-port-masnou\/"},"modified":"2022-06-24T09:00:47","modified_gmt":"2022-06-24T07:00:47","slug":"tatan-riquelme-i-miquel-perez-campions-de-la-regata-port-masnou","status":"publish","type":"post","link":"https:\/\/www.cnelbalis.com\/ca\/tatan-riquelme-i-miquel-perez-campions-de-la-regata-port-masnou\/","title":{"rendered":"Tatan Riquelme i Miquel P\u00e9rez, campions de la regata Port Masnou"},"content":{"rendered":"<p>Fant\u00e0stic cap de setmana de regates per les classes de Windsuf, Europe i 420. Aquestes dues darreres classes han estat disputant la Regata Port Masnou amb condicions de vents canviants. Tot i aix\u00ed, durant els dos dies de competici\u00f3 els Europes van realitzar 6 proves i els 420, 5.<\/p>\n<p>Tatan Riquelme i Miquel P\u00e9rez, en 420, van aconseguir la vict\u00f2ria absoluta aix\u00ed com l\u2019or Sots 19.<br \/>\nEn Europes, la flota d\u2019El Bal\u00eds va protagonitzar una bona performance. Podi complet per la categoria femenina. M\u00f2nica Veenhoven va pujar al primer esgla\u00f3, Helena Pru\u00f1onosa al segon i Nora Lasurt al tercer en categoria absoluta femenina i Sots 20. Aix\u00ed mateix, Marc Arrufat es va emportar el bronze Sots 20.<\/p>\n<p>Els Windsurfs es van despla\u00e7ar fins al CV Blanes on es va disputar el Trofeu Primavera N2. Tots els regatistes van completar 5 proves per classe, possibilitant un descart.<br \/>\nDurant els dos dies de competici\u00f3 els vents de sud han estat els predominants malgrat en la jornada dominical, que es van moure de Xaloc a Migjorn constantment, dissabte la tend\u00e8ncia era Garb\u00ed. Les intensitats van estar superior dissabte, arribant a 12 nusos i forta onada.<br \/>\nJulia G\u00f3mez es va emportar l\u2019or en la categoria femenina Sots 17 i el bronze en la general sots 17. Natalia de Francisco tamb\u00e9 va aconseguir dos podis, en el seu cas, campiona f\u00e8mina techno plus i plata en l\u2019aboslut Techno Plus. Mart\u00ed \u00c0ngel va pujar al tercer esgla\u00f3 de la general Techno Plus i al segon en categoria masculina.<\/p>\n<p>Enhorabona a tots pels excel\u00b7lents resultats d\u2019aquest cap de setmana!<\/p>\n\n","protected":false},"excerpt":{"rendered":"<p>Fant\u00e0stic cap de setmana de regates per les classes de Windsuf, Europe i 420. Aquestes dues darreres classes han estat disputant la Regata Port Masnou amb condicions de vents canviants. Tot i aix\u00ed, durant els dos dies de competici\u00f3 els Europes van realitzar 6 proves i els 420, 5. Tatan Riquelme i Miquel P\u00e9rez, en [&hellip;]<\/p>\n","protected":false},"author":1,"featured_media":0,"comment_status":"open","ping_status":"open","sticky":false,"template":"","format":"standard","meta":{"footnotes":""},"categories":[783,782,23],"tags":[131,65,69,80,640,335,76,105],"class_list":["post-29317","post","type-post","status-publish","format-standard","hentry","category-escola","category-esport","category-vela","tag-131","tag-balis","tag-competicio","tag-europe","tag-flotes","tag-n2","tag-regata","tag-windsurf"],"acf":[],"_links":{"self":[{"href":"https:\/\/www.cnelbalis.com\/ca\/wp-json\/wp\/v2\/posts\/29317","targetHints":{"allow":["GET"]}}],"collection":[{"href":"https:\/\/www.cnelbalis.com\/ca\/wp-json\/wp\/v2\/posts"}],"about":[{"href":"https:\/\/www.cnelbalis.com\/ca\/wp-json\/wp\/v2\/types\/post"}],"author":[{"embeddable":true,"href":"https:\/\/www.cnelbalis.com\/ca\/wp-json\/wp\/v2\/users\/1"}],"replies":[{"embeddable":true,"href":"https:\/\/www.cnelbalis.com\/ca\/wp-json\/wp\/v2\/comments?post=29317"}],"version-history":[{"count":1,"href":"https:\/\/www.cnelbalis.com\/ca\/wp-json\/wp\/v2\/posts\/29317\/revisions"}],"predecessor-version":[{"id":31294,"href":"https:\/\/www.cnelbalis.com\/ca\/wp-json\/wp\/v2\/posts\/29317\/revisions\/31294"}],"wp:attachment":[{"href":"https:\/\/www.cnelbalis.com\/ca\/wp-json\/wp\/v2\/media?parent=29317"}],"wp:term":[{"taxonomy":"category","embeddable":true,"href":"https:\/\/www.cnelbalis.com\/ca\/wp-json\/wp\/v2\/categories?post=29317"},{"taxonomy":"post_tag","embeddable":true,"href":"https:\/\/www.cnelbalis.com\/ca\/wp-json\/wp\/v2\/tags?post=29317"}],"curies":[{"name":"wp","href":"https:\/\/api.w.org\/{rel}","templated":true}]}}