{"id":29302,"date":"2020-02-13T12:37:59","date_gmt":"2020-02-13T11:37:59","guid":{"rendered":"https:\/\/club.cnelbalis.com\/leurocup-de-29er-arrenca-a-la-medsailing-2020\/"},"modified":"2022-06-24T09:00:46","modified_gmt":"2022-06-24T07:00:46","slug":"leurocup-de-29er-arrenca-a-la-medsailing-2020","status":"publish","type":"post","link":"https:\/\/www.cnelbalis.com\/ca\/leurocup-de-29er-arrenca-a-la-medsailing-2020\/","title":{"rendered":"L\u2019EuroCup de 29er arrenca a la MedSailing 2020"},"content":{"rendered":"<p><strong>Els valencians Urios i Binetti defensen el t\u00edtol al Bal\u00eds<\/strong><\/p>\n<p>Tot est\u00e0 preparat al Club N\u00e0utic El Bal\u00eds per a la celebraci\u00f3 de la regata MedSailing 2020 amb una participaci\u00f3 de 133 tripulacions de 19 pa\u00efsos. La MedSailing se celebrar\u00e0 de dijous dia 13 a diumenge dia 16 de febrer en aig\u00fces de Sant Andreu de Llavaneres.<\/p>\n<p>La MedSailing ser\u00e0 una temporada m\u00e9s el punt de partida del circuit europeu de 29er EuroCup. La participaci\u00f3 en aquesta classe ha passat de 73 vaixells el 2019 als 93 d&#8217;aquest 2020 la qual cosa suposa un augment d&#8217;un 18% entre la passada i la present edici\u00f3. En aquesta classe telonera de l&#8217;ol\u00edmpic 49er, Espanya i Fran\u00e7a, amb 13 tripulacions, s\u00f3n els pa\u00efsos que aporten m\u00e9s vaixells, i els segueixen Holanda amb 9 i Su\u00efssa i Alemanya amb 7.<\/p>\n<p>Quicorras Urios i Filippo Binetti (RCN Val\u00e8ncia) sortiran a defensar el t\u00edtol aconseguit el 2019. Tamb\u00e9 hi ha entre la llista de favorits al t\u00edtol el triple campi\u00f3 de el m\u00f3n en la classe Optimist, l&#8217;itali\u00e0 Marco Grandoni que formar\u00e0 equip amb Ettore Ciril, i que ja en els test de Garda van demostrar tamb\u00e9 el seu potencial en la classe 29er.<\/p>\n<p>A la classe solit\u00e0ria Europe, que va celebrar el 2019 el Campionat del M\u00f3n en aig\u00fces del Bal\u00eds, comptar\u00e0 amb 26 inscrits, dels quals 23 s\u00f3n espanyols on destaca la poderosa flota catalana amb 8 regatistes locals i on hi haur\u00e0 el vigent campi\u00f3 del m\u00f3n Paul Schilt (CN Garraf).<\/p>\n<p>La flota espanyola de la classe 420 tindr\u00e0 l&#8217;oportunitat de navegar al Club N\u00e0utic El Bal\u00eds amb la mirada posada a la Copa d&#8217;Espanya que se celebrar\u00e0 al mes d&#8217;octubre en aquestes mateixes aig\u00fces. 12 dels 14 inscrits s\u00f3n vaixells espanyols i compta amb una fornada de joves valors dels quals 8 s\u00f3n de l&#8217;CN El Bal\u00eds.<\/p>\n<p>La classe 29er t\u00e9 programades un total de 16 m\u00e0nigues i les classes Europe i 420 12, distribu\u00efdes entre els quatre dies de competici\u00f3.<\/p>\n","protected":false},"excerpt":{"rendered":"<p>Els valencians Urios i Binetti defensen el t\u00edtol al Bal\u00eds Tot est\u00e0 preparat al Club N\u00e0utic El Bal\u00eds per a la celebraci\u00f3 de la regata MedSailing 2020 amb una participaci\u00f3 de 133 tripulacions de 19 pa\u00efsos. La MedSailing se celebrar\u00e0 de dijous dia 13 a diumenge dia 16 de febrer en aig\u00fces de Sant Andreu [&hellip;]<\/p>\n","protected":false},"author":1,"featured_media":1929,"comment_status":"open","ping_status":"open","sticky":false,"template":"","format":"standard","meta":{"footnotes":""},"categories":[782,785,23],"tags":[513,34],"class_list":["post-29302","post","type-post","status-publish","format-standard","has-post-thumbnail","hentry","category-esport","category-port","category-vela","tag-bebalis","tag-medsailing"],"acf":[],"_links":{"self":[{"href":"https:\/\/www.cnelbalis.com\/ca\/wp-json\/wp\/v2\/posts\/29302","targetHints":{"allow":["GET"]}}],"collection":[{"href":"https:\/\/www.cnelbalis.com\/ca\/wp-json\/wp\/v2\/posts"}],"about":[{"href":"https:\/\/www.cnelbalis.com\/ca\/wp-json\/wp\/v2\/types\/post"}],"author":[{"embeddable":true,"href":"https:\/\/www.cnelbalis.com\/ca\/wp-json\/wp\/v2\/users\/1"}],"replies":[{"embeddable":true,"href":"https:\/\/www.cnelbalis.com\/ca\/wp-json\/wp\/v2\/comments?post=29302"}],"version-history":[{"count":1,"href":"https:\/\/www.cnelbalis.com\/ca\/wp-json\/wp\/v2\/posts\/29302\/revisions"}],"predecessor-version":[{"id":31279,"href":"https:\/\/www.cnelbalis.com\/ca\/wp-json\/wp\/v2\/posts\/29302\/revisions\/31279"}],"wp:featuredmedia":[{"embeddable":true,"href":"https:\/\/www.cnelbalis.com\/ca\/wp-json\/wp\/v2\/media\/1929"}],"wp:attachment":[{"href":"https:\/\/www.cnelbalis.com\/ca\/wp-json\/wp\/v2\/media?parent=29302"}],"wp:term":[{"taxonomy":"category","embeddable":true,"href":"https:\/\/www.cnelbalis.com\/ca\/wp-json\/wp\/v2\/categories?post=29302"},{"taxonomy":"post_tag","embeddable":true,"href":"https:\/\/www.cnelbalis.com\/ca\/wp-json\/wp\/v2\/tags?post=29302"}],"curies":[{"name":"wp","href":"https:\/\/api.w.org\/{rel}","templated":true}]}}