{"id":29293,"date":"2020-01-28T09:32:04","date_gmt":"2020-01-28T08:32:04","guid":{"rendered":"https:\/\/club.cnelbalis.com\/el-balis-repeteix-a-la-festa-de-la-vela\/"},"modified":"2022-06-24T09:00:40","modified_gmt":"2022-06-24T07:00:40","slug":"el-balis-repeteix-a-la-festa-de-la-vela","status":"publish","type":"post","link":"https:\/\/www.cnelbalis.com\/ca\/el-balis-repeteix-a-la-festa-de-la-vela\/","title":{"rendered":"El Bal\u00eds repeteix a la Festa de la Vela"},"content":{"rendered":"<p>Aquest divendres, 31 de gener, la Federaci\u00f3 Catalana de Vela celebra la 53\u00aa Festa de la Vela, una celebraci\u00f3 on es distingeixen els m\u00e8rits esportius i socials de la Vela Catalana. Durant tota la tarda es reconeixeran els fruits aconseguits durant l\u2019any 2019 i que, sobretot, reconeixer\u00e0 l\u2019esfor\u00e7, el sacrifici i el tarann\u00e0 competitiu dels navegants catalans; dels Clubs i Escoles de Vela que fan possible tots els seus \u00e8xits; i de totes les institucions que treballen conjuntament amb la Vela Catalana perqu\u00e8 aquesta esdevingui molt m\u00e9s que en l\u2019esport de mar dels catalans, una pr\u00e0ctica esportiva farcida de valors.<\/p>\n<p>Aix\u00ed mateix, els seg\u00fcents regatistes tindran el seu moment de gl\u00f2ria quan pugin a l\u2019escenari a recollir el seu guard\u00f3:<\/p>\n<p><strong>NACRA 17<\/strong><br \/>\nFlorian Trittel<\/p>\n<p><strong>EUROPA<\/strong><br \/>\nMonica Veenhoven<br \/>\nJoan Freixa<br \/>\nRafa Rabassa<br \/>\nNico Borras<\/p>\n<p><strong>420<\/strong><br \/>\nNacho D\u00e1vila \/ Javi Mestre<\/p>\n<p><strong>L\u00c0SER 4.7<\/strong><br \/>\nArnau Gelp\u00ed<\/p>\n<p><strong>CATAMAR\u00c0 INTERS\u00c8RIES<\/strong><br \/>\nAlfredo Bernard<\/p>\n<p><strong>CREUER<\/strong><br \/>\nLliga Vela Catalana<\/p>\n<p><strong>VELA DE PLAT\u00cd<\/strong><br \/>\nCN El Bal\u00eds<\/p>\n<p><strong>VELA SOSTENIBLE \u2013 PER UN MAR SENSE PL\u00c0STICS<\/strong><br \/>\nCN El Bal\u00eds<\/p>\n<p><strong>SECRETARI DE L&#8217;ANY <\/strong><br \/>\nJes\u00fas Tello<\/p>\n","protected":false},"excerpt":{"rendered":"<p>Aquest divendres, 31 de gener, la Federaci\u00f3 Catalana de Vela celebra la 53\u00aa Festa de la Vela, una celebraci\u00f3 on es distingeixen els m\u00e8rits esportius i socials de la Vela Catalana. Durant tota la tarda es reconeixeran els fruits aconseguits durant l\u2019any 2019 i que, sobretot, reconeixer\u00e0 l\u2019esfor\u00e7, el sacrifici i el tarann\u00e0 competitiu dels [&hellip;]<\/p>\n","protected":false},"author":1,"featured_media":0,"comment_status":"open","ping_status":"open","sticky":false,"template":"","format":"standard","meta":{"footnotes":""},"categories":[782,785,23],"tags":[604,513],"class_list":["post-29293","post","type-post","status-publish","format-standard","hentry","category-esport","category-port","category-vela","tag-nitdelavela","tag-bebalis"],"acf":[],"_links":{"self":[{"href":"https:\/\/www.cnelbalis.com\/ca\/wp-json\/wp\/v2\/posts\/29293","targetHints":{"allow":["GET"]}}],"collection":[{"href":"https:\/\/www.cnelbalis.com\/ca\/wp-json\/wp\/v2\/posts"}],"about":[{"href":"https:\/\/www.cnelbalis.com\/ca\/wp-json\/wp\/v2\/types\/post"}],"author":[{"embeddable":true,"href":"https:\/\/www.cnelbalis.com\/ca\/wp-json\/wp\/v2\/users\/1"}],"replies":[{"embeddable":true,"href":"https:\/\/www.cnelbalis.com\/ca\/wp-json\/wp\/v2\/comments?post=29293"}],"version-history":[{"count":1,"href":"https:\/\/www.cnelbalis.com\/ca\/wp-json\/wp\/v2\/posts\/29293\/revisions"}],"predecessor-version":[{"id":31270,"href":"https:\/\/www.cnelbalis.com\/ca\/wp-json\/wp\/v2\/posts\/29293\/revisions\/31270"}],"wp:attachment":[{"href":"https:\/\/www.cnelbalis.com\/ca\/wp-json\/wp\/v2\/media?parent=29293"}],"wp:term":[{"taxonomy":"category","embeddable":true,"href":"https:\/\/www.cnelbalis.com\/ca\/wp-json\/wp\/v2\/categories?post=29293"},{"taxonomy":"post_tag","embeddable":true,"href":"https:\/\/www.cnelbalis.com\/ca\/wp-json\/wp\/v2\/tags?post=29293"}],"curies":[{"name":"wp","href":"https:\/\/api.w.org\/{rel}","templated":true}]}}