{"id":29285,"date":"2019-12-16T15:56:49","date_gmt":"2019-12-16T14:56:49","guid":{"rendered":"https:\/\/club.cnelbalis.com\/el-balis-a-la-1a-fase-de-la-lliga-espanyola-de-vela-trofeu-loteries-i-apostes-de-lestat\/"},"modified":"2022-06-24T09:00:40","modified_gmt":"2022-06-24T07:00:40","slug":"el-balis-a-la-1a-fase-de-la-lliga-espanyola-de-vela-trofeu-loteries-i-apostes-de-lestat","status":"publish","type":"post","link":"https:\/\/www.cnelbalis.com\/ca\/el-balis-a-la-1a-fase-de-la-lliga-espanyola-de-vela-trofeu-loteries-i-apostes-de-lestat\/","title":{"rendered":"El Bal\u00eds, a la 1a fase de la Lliga Espanyola de Vela Trofeu Loteries i Apostes de l&#8217;Estat"},"content":{"rendered":"<p>L&#8217;equip format per Nacho D\u00e1vila, Magda Resano, Javi Mestre, Monica Veenhoven i Marc Arrufat, ha viscut una nova aventura a Monte Real Club de iots a Baiona, on s&#8217;ha disputat la primera fase de la Lliga Espanyola de Vela Trofeu Loteries i Apostes de l&#8217;Estat.<\/p>\n<p>Del 13 al 15 de desembre han conviscut amb altres 10 clubs, per\u00f2 l&#8217;esc\u00e0s vent nom\u00e9s va permetre disputar dues proves en l&#8217;\u00faltima jornada.<\/p>\n<p>La flota va sortir a l&#8217;aigua disposada a gestionar els \u00faltims enfrontaments programats, per\u00f2 les condicions de vent, que no va arribar a superar els 7 nusos amb for\u00e7a inestabilitat en la seva direcci\u00f3, van venir a posar les coses dif\u00edcils al comit\u00e8. Molta insist\u00e8ncia i perseveran\u00e7a van ser necess\u00e0ries en aquesta \u00faltima jornada, per\u00f2, finalment, es van poder disputar dues m\u00e0negues de recorregut escur\u00e7at, arribant a comptabilitzar fins a 20 proves en la classificaci\u00f3 final.<\/p>\n<p>La primera fase de la Lliga Espanyola va tancar el diumenge deixant a el CN \u200b\u200bEl Bal\u00eds en vuitena posici\u00f3. La Lliga tindr\u00e0 continu\u00eftat en aig\u00fces mallorquines sota l&#8217;organitzaci\u00f3 de Club N\u00e0utic Arenal, els propers dies 14, 15 i 16 de febrer.<\/p>\n<p>Un cop finalitzades les dues fases, els primers classificats de la Lliga Espanyola de Vela Trofeu Loteries i Apostes de l&#8217;Estat seran els encarregats de representar als clubs nacionals a la Lliga Europea, en funci\u00f3 de les places disponibles per pa\u00efsos.<\/p>\n\n","protected":false},"excerpt":{"rendered":"<p>L&#8217;equip format per Nacho D\u00e1vila, Magda Resano, Javi Mestre, Monica Veenhoven i Marc Arrufat, ha viscut una nova aventura a Monte Real Club de iots a Baiona, on s&#8217;ha disputat la primera fase de la Lliga Espanyola de Vela Trofeu Loteries i Apostes de l&#8217;Estat. Del 13 al 15 de desembre han conviscut amb altres [&hellip;]<\/p>\n","protected":false},"author":1,"featured_media":0,"comment_status":"open","ping_status":"open","sticky":false,"template":"","format":"standard","meta":{"footnotes":""},"categories":[783,782,26,23],"tags":[65,265,76,52],"class_list":["post-29285","post","type-post","status-publish","format-standard","hentry","category-escola","category-esport","category-social","category-vela","tag-balis","tag-escuela","tag-regata","tag-vela"],"acf":[],"_links":{"self":[{"href":"https:\/\/www.cnelbalis.com\/ca\/wp-json\/wp\/v2\/posts\/29285","targetHints":{"allow":["GET"]}}],"collection":[{"href":"https:\/\/www.cnelbalis.com\/ca\/wp-json\/wp\/v2\/posts"}],"about":[{"href":"https:\/\/www.cnelbalis.com\/ca\/wp-json\/wp\/v2\/types\/post"}],"author":[{"embeddable":true,"href":"https:\/\/www.cnelbalis.com\/ca\/wp-json\/wp\/v2\/users\/1"}],"replies":[{"embeddable":true,"href":"https:\/\/www.cnelbalis.com\/ca\/wp-json\/wp\/v2\/comments?post=29285"}],"version-history":[{"count":1,"href":"https:\/\/www.cnelbalis.com\/ca\/wp-json\/wp\/v2\/posts\/29285\/revisions"}],"predecessor-version":[{"id":31262,"href":"https:\/\/www.cnelbalis.com\/ca\/wp-json\/wp\/v2\/posts\/29285\/revisions\/31262"}],"wp:attachment":[{"href":"https:\/\/www.cnelbalis.com\/ca\/wp-json\/wp\/v2\/media?parent=29285"}],"wp:term":[{"taxonomy":"category","embeddable":true,"href":"https:\/\/www.cnelbalis.com\/ca\/wp-json\/wp\/v2\/categories?post=29285"},{"taxonomy":"post_tag","embeddable":true,"href":"https:\/\/www.cnelbalis.com\/ca\/wp-json\/wp\/v2\/tags?post=29285"}],"curies":[{"name":"wp","href":"https:\/\/api.w.org\/{rel}","templated":true}]}}