{"id":29282,"date":"2019-12-11T13:57:01","date_gmt":"2019-12-11T12:57:01","guid":{"rendered":"https:\/\/club.cnelbalis.com\/el-nostres-equips-de-regates-molt-actius\/"},"modified":"2022-06-24T09:00:40","modified_gmt":"2022-06-24T07:00:40","slug":"el-nostres-equips-de-regates-molt-actius","status":"publish","type":"post","link":"https:\/\/www.cnelbalis.com\/ca\/el-nostres-equips-de-regates-molt-actius\/","title":{"rendered":"El nostres equips de regates, molt actius!"},"content":{"rendered":"<p>El<strong> Grup 2 i 3 d\u2019Optimis<\/strong>t ha estat a Cambrils gaudint d\u2019un Stage amb motiu de La Marat\u00f3 de TV3. Les 90 embarcacions van fer una travessa de Cambrils fins a Salou vivint una excel\u00b7lent experi\u00e8ncia tan a l\u2019aigua com fora.<\/p>\n<p>Pel que fa al <strong>Grup 1 i als Europes,<\/strong> han estat participant al Trofeu Ciutat de Palma.<br \/>\nMarc Tello s\u2019ha emportat el bronze absolut a la 69a edici\u00f3 de la regata i Monica Vennhoven, l\u2019or en categoria femenina.<br \/>\nDespr\u00e9s de dues jornades sense vent on nom\u00e9s els Optimist van poder disputar una sola prova, finalment els Europes han pogut fer-ne 3 amb una intensitat de 8-13 nusos, i dues m\u00e9s els optimists.<br \/>\nPels Europes, aquesta regata ha comptabilitzat com a regata classificat\u00f2ria pel mundial i europeu, i pels Optimist ha estat una regata internacional amb molt de nivell per anar agafant experi\u00e8ncia i millorar for\u00e7a de cara al que queda de temporada. Ambdues flotes han compartit molts moments aquests 4 dies fent molta pinya i estrenyent lla\u00e7os entre els grans i els petits navegants del nostre club.<\/p>\n<p>Finalment, <strong>els 420<\/strong> han estat a It\u00e0lia a la Winter Imperia Regatta.<br \/>\nUna regata amb dificultats on les tripulacions d\u2019El Bal\u00eds han treballat i arriscat molt per aconseguir els millors resultats.<br \/>\nI ara, a tots, molta sort i a seguir treballant pel que queda de temporada!<\/p>\n\n<p>&nbsp;<\/p>\n","protected":false},"excerpt":{"rendered":"<p>El Grup 2 i 3 d\u2019Optimist ha estat a Cambrils gaudint d\u2019un Stage amb motiu de La Marat\u00f3 de TV3. Les 90 embarcacions van fer una travessa de Cambrils fins a Salou vivint una excel\u00b7lent experi\u00e8ncia tan a l\u2019aigua com fora. Pel que fa al Grup 1 i als Europes, han estat participant al Trofeu [&hellip;]<\/p>\n","protected":false},"author":1,"featured_media":0,"comment_status":"open","ping_status":"open","sticky":false,"template":"","format":"standard","meta":{"footnotes":""},"categories":[783,782,23],"tags":[131,65,69,165,591,32,76,52],"class_list":["post-29282","post","type-post","status-publish","format-standard","hentry","category-escola","category-esport","category-vela","tag-131","tag-balis","tag-competicio","tag-europa","tag-flota","tag-optimist","tag-regata","tag-vela"],"acf":[],"_links":{"self":[{"href":"https:\/\/www.cnelbalis.com\/ca\/wp-json\/wp\/v2\/posts\/29282","targetHints":{"allow":["GET"]}}],"collection":[{"href":"https:\/\/www.cnelbalis.com\/ca\/wp-json\/wp\/v2\/posts"}],"about":[{"href":"https:\/\/www.cnelbalis.com\/ca\/wp-json\/wp\/v2\/types\/post"}],"author":[{"embeddable":true,"href":"https:\/\/www.cnelbalis.com\/ca\/wp-json\/wp\/v2\/users\/1"}],"replies":[{"embeddable":true,"href":"https:\/\/www.cnelbalis.com\/ca\/wp-json\/wp\/v2\/comments?post=29282"}],"version-history":[{"count":1,"href":"https:\/\/www.cnelbalis.com\/ca\/wp-json\/wp\/v2\/posts\/29282\/revisions"}],"predecessor-version":[{"id":31259,"href":"https:\/\/www.cnelbalis.com\/ca\/wp-json\/wp\/v2\/posts\/29282\/revisions\/31259"}],"wp:attachment":[{"href":"https:\/\/www.cnelbalis.com\/ca\/wp-json\/wp\/v2\/media?parent=29282"}],"wp:term":[{"taxonomy":"category","embeddable":true,"href":"https:\/\/www.cnelbalis.com\/ca\/wp-json\/wp\/v2\/categories?post=29282"},{"taxonomy":"post_tag","embeddable":true,"href":"https:\/\/www.cnelbalis.com\/ca\/wp-json\/wp\/v2\/tags?post=29282"}],"curies":[{"name":"wp","href":"https:\/\/api.w.org\/{rel}","templated":true}]}}