{"id":29281,"date":"2019-12-11T09:03:21","date_gmt":"2019-12-11T08:03:21","guid":{"rendered":"https:\/\/club.cnelbalis.com\/florian-trittel-classifica-a-espanya-pels-jjoo-de-toquio-2020-en-nacra-17\/"},"modified":"2022-06-24T09:00:40","modified_gmt":"2022-06-24T07:00:40","slug":"florian-trittel-classifica-a-espanya-pels-jjoo-de-toquio-2020-en-nacra-17","status":"publish","type":"post","link":"https:\/\/www.cnelbalis.com\/ca\/florian-trittel-classifica-a-espanya-pels-jjoo-de-toquio-2020-en-nacra-17\/","title":{"rendered":"Florian Trittel classifica a Espanya pels JJOO de T\u00f2quio 2020 en Nacra 17"},"content":{"rendered":"<p>El 8 de desembre, Florian Trittel va segellar la participaci\u00f3 d\u2019Espanya pels Jocs Ol\u00edmpics de T\u00f2quio 2020 en la classe Nacra 17, aconseguint una de les cinc places que estaven en joc en el Campionat del M\u00f3n de 49er, 49erFX i Nacra 17 celebrat a Auckland, Nova Zelanda.<\/p>\n<p>El regatista del CN El Bal\u00eds -fent parella amb la can\u00e0ria Tara Pacheco- va finalitzar en 5a posici\u00f3 en el Mundial. Un excel\u00b7lent resultat que, a m\u00e9s a m\u00e9s de confirmar que poden lluitar per aconseguir una medalla a Jap\u00f3, posa en valor un curr\u00edculum excepcional: Florian va proclamar-se campi\u00f3 i subcampi\u00f3 a la Copa del M\u00f3n de Formula Kite els anys 2015 i 2016, respectivament. L\u2019any 2014 va penjar-se l\u2019or a la Copa d\u2019Espanya en categoria absoluta i al 2013 l\u2019or juvenil. En 29er, l\u2019any 2012 va aconseguir el Campionat del M\u00f3n absolut i juvenil i tamb\u00e9 va convertir-se en campi\u00f3 d\u2019Espanya.<\/p>\n<p>En finalitzar el campionat, Trittel va destacar \u201cEl que s\u2019ha aconseguit aqu\u00ed nom\u00e9s s\u2019aconsegueix entre tots junts. Fa nom\u00e9s un any que la Tara i jo naveguem plegats; han estat 12 mesos de molt treball, 365 dies i 10 hores di\u00e0ries d\u2019entrenaments, patiment i sacrifici. Aquest \u00e9s el meu primer mundial de classes ol\u00edmpiques i el primer tamb\u00e9 de nosaltres com equip i, sincerament, estem molt contents\u201d.<\/p>\n<p><strong>Enhorabona, Flo, per aquests fant\u00e0stic resultats. A per totes!<\/strong><\/p>\n\n","protected":false},"excerpt":{"rendered":"<p>El 8 de desembre, Florian Trittel va segellar la participaci\u00f3 d\u2019Espanya pels Jocs Ol\u00edmpics de T\u00f2quio 2020 en la classe Nacra 17, aconseguint una de les cinc places que estaven en joc en el Campionat del M\u00f3n de 49er, 49erFX i Nacra 17 celebrat a Auckland, Nova Zelanda. El regatista del CN El Bal\u00eds -fent [&hellip;]<\/p>\n","protected":false},"author":1,"featured_media":0,"comment_status":"open","ping_status":"open","sticky":false,"template":"","format":"standard","meta":{"footnotes":""},"categories":[783,782,23],"tags":[595,1845,65,69,591,745,564,2047,57,673,618,2049,76,603,481,2050,52],"class_list":["post-29281","post","type-post","status-publish","format-standard","hentry","category-escola","category-esport","category-vela","tag-regatas","tag-1845","tag-balis","tag-competicio","tag-flota","tag-jjoo","tag-jocs","tag-jocs-olimpic","tag-mundial","tag-nacra","tag-nacra17","tag-olimpic","tag-regata","tag-regates","tag-tokio","tag-tokyo","tag-vela"],"acf":[],"_links":{"self":[{"href":"https:\/\/www.cnelbalis.com\/ca\/wp-json\/wp\/v2\/posts\/29281","targetHints":{"allow":["GET"]}}],"collection":[{"href":"https:\/\/www.cnelbalis.com\/ca\/wp-json\/wp\/v2\/posts"}],"about":[{"href":"https:\/\/www.cnelbalis.com\/ca\/wp-json\/wp\/v2\/types\/post"}],"author":[{"embeddable":true,"href":"https:\/\/www.cnelbalis.com\/ca\/wp-json\/wp\/v2\/users\/1"}],"replies":[{"embeddable":true,"href":"https:\/\/www.cnelbalis.com\/ca\/wp-json\/wp\/v2\/comments?post=29281"}],"version-history":[{"count":1,"href":"https:\/\/www.cnelbalis.com\/ca\/wp-json\/wp\/v2\/posts\/29281\/revisions"}],"predecessor-version":[{"id":31258,"href":"https:\/\/www.cnelbalis.com\/ca\/wp-json\/wp\/v2\/posts\/29281\/revisions\/31258"}],"wp:attachment":[{"href":"https:\/\/www.cnelbalis.com\/ca\/wp-json\/wp\/v2\/media?parent=29281"}],"wp:term":[{"taxonomy":"category","embeddable":true,"href":"https:\/\/www.cnelbalis.com\/ca\/wp-json\/wp\/v2\/categories?post=29281"},{"taxonomy":"post_tag","embeddable":true,"href":"https:\/\/www.cnelbalis.com\/ca\/wp-json\/wp\/v2\/tags?post=29281"}],"curies":[{"name":"wp","href":"https:\/\/api.w.org\/{rel}","templated":true}]}}