{"id":29251,"date":"2019-09-10T14:46:21","date_gmt":"2019-09-10T12:46:21","guid":{"rendered":"https:\/\/club.cnelbalis.com\/monica-veenhoven-campiona-absoluta-i-sub20-despanya-de-classe-europa\/"},"modified":"2022-06-24T09:00:30","modified_gmt":"2022-06-24T07:00:30","slug":"monica-veenhoven-campiona-absoluta-i-sub20-despanya-de-classe-europa","status":"publish","type":"post","link":"https:\/\/www.cnelbalis.com\/ca\/monica-veenhoven-campiona-absoluta-i-sub20-despanya-de-classe-europa\/","title":{"rendered":"M\u00f2nica Veenhoven, campiona absoluta i Sub20 d\u2019Espanya de classe Europa"},"content":{"rendered":"<p><img loading=\"lazy\" decoding=\"async\" class=\"size-medium wp-image-16923 alignleft\" src=\"https:\/\/www.cnelbalis.com\/wp-content\/uploads\/vj-w\/-i\/69583344_2612073218832246_8739440256090112000_n-300x225.jpg\" alt=\"\" width=\"300\" height=\"225\" \/><\/p>\n<p>M\u00f2nica Veenhoven, actual campiona d\u2019Europa juvenil, es va imposar i va guanyar el campionat d\u2019Espanya absolut i Sub20 de la classe. Al mateix temps, Nora Lasurt, va finalitzar campiona Sub18 i subcampiona Sub20 i Helena Pru\u00f1onosa, 3a Sub18.<\/p>\n<p>Del 4 al 8 de setembre s\u2019ha celebrat a Benalm\u00e1dena el campionat d\u2019Espanya de la classe Europa amb una gran actuaci\u00f3 de la flota femenina d\u2019El Bal\u00eds.<\/p>\n<p>Durant les quatre jornades de competici\u00f3 s\u2019han diputat cinc m\u00e0negues amb vents de 240\u00ba amb una intensitat d\u2019entre 6 i 8 nusos amb ones de mar de fons de llevant.<\/p>\n<p>L\u2019entrega de premis es va realitzar a la terrassa del Centre N\u00e0utic amb la pres\u00e8ncia de Concha Berzal, directora del servei d\u2019Esports de la Diputaci\u00f3 de M\u00e0laga, Encarnaci\u00f3n Cort\u00e9s, regidora del Port Esportiu de Benalm\u00e1dena, Oriol Subir\u00e0, secretari nacional de la classe internacional d\u2019Europe i Fernando Casquero, regatista m\u00e0ster de la classe.<\/p>\n","protected":false},"excerpt":{"rendered":"<p>M\u00f2nica Veenhoven, actual campiona d\u2019Europa juvenil, es va imposar i va guanyar el campionat d\u2019Espanya absolut i Sub20 de la classe. Al mateix temps, Nora Lasurt, va finalitzar campiona Sub18 i subcampiona Sub20 i Helena Pru\u00f1onosa, 3a Sub18. Del 4 al 8 de setembre s\u2019ha celebrat a Benalm\u00e1dena el campionat d\u2019Espanya de la classe Europa [&hellip;]<\/p>\n","protected":false},"author":1,"featured_media":0,"comment_status":"open","ping_status":"open","sticky":false,"template":"","format":"standard","meta":{"footnotes":""},"categories":[783,782,23],"tags":[65,1987,79,165],"class_list":["post-29251","post","type-post","status-publish","format-standard","hentry","category-escola","category-esport","category-vela","tag-balis","tag-campiona","tag-espanya","tag-europa"],"acf":[],"_links":{"self":[{"href":"https:\/\/www.cnelbalis.com\/ca\/wp-json\/wp\/v2\/posts\/29251","targetHints":{"allow":["GET"]}}],"collection":[{"href":"https:\/\/www.cnelbalis.com\/ca\/wp-json\/wp\/v2\/posts"}],"about":[{"href":"https:\/\/www.cnelbalis.com\/ca\/wp-json\/wp\/v2\/types\/post"}],"author":[{"embeddable":true,"href":"https:\/\/www.cnelbalis.com\/ca\/wp-json\/wp\/v2\/users\/1"}],"replies":[{"embeddable":true,"href":"https:\/\/www.cnelbalis.com\/ca\/wp-json\/wp\/v2\/comments?post=29251"}],"version-history":[{"count":1,"href":"https:\/\/www.cnelbalis.com\/ca\/wp-json\/wp\/v2\/posts\/29251\/revisions"}],"predecessor-version":[{"id":31228,"href":"https:\/\/www.cnelbalis.com\/ca\/wp-json\/wp\/v2\/posts\/29251\/revisions\/31228"}],"wp:attachment":[{"href":"https:\/\/www.cnelbalis.com\/ca\/wp-json\/wp\/v2\/media?parent=29251"}],"wp:term":[{"taxonomy":"category","embeddable":true,"href":"https:\/\/www.cnelbalis.com\/ca\/wp-json\/wp\/v2\/categories?post=29251"},{"taxonomy":"post_tag","embeddable":true,"href":"https:\/\/www.cnelbalis.com\/ca\/wp-json\/wp\/v2\/tags?post=29251"}],"curies":[{"name":"wp","href":"https:\/\/api.w.org\/{rel}","templated":true}]}}