{"id":29237,"date":"2019-08-03T08:40:09","date_gmt":"2019-08-03T06:40:09","guid":{"rendered":"https:\/\/club.cnelbalis.com\/pau-schilt-del-club-nautic-garraf-guanyador-de-lopen-week-de-la-classe-europe\/"},"modified":"2022-06-24T09:00:24","modified_gmt":"2022-06-24T07:00:24","slug":"pau-schilt-del-club-nautic-garraf-guanyador-de-lopen-week-de-la-classe-europe","status":"publish","type":"post","link":"https:\/\/www.cnelbalis.com\/ca\/pau-schilt-del-club-nautic-garraf-guanyador-de-lopen-week-de-la-classe-europe\/","title":{"rendered":"Pau Schilt, del Club N\u00e0utic Garraf, guanyador de l\u2019Open Week de la classe Europe"},"content":{"rendered":"<p><strong>\u2022 Pau Schilt, que no estava entre els classificats pel Mundial, amb aquest resultat aconsegueix la pla\u00e7a per la Europe World Championship<\/strong><\/p>\n<p><strong>\u2022 En segon lloc, i a 4 punts del primer, s\u2019ha imposat la danesa Anna Livbjerg i en tercer lloc, amb 2 punts de difer\u00e8ncia de la segona classificada, ha quedat el noruec Lars Johan Brodtkorb.<\/strong><\/p>\n<p>Ahir va finalitzar l\u2019OpenWeek de la classe Europe que s\u2019ha celebrat en aig\u00fces del Club N\u00e0utic El Bal\u00eds.<\/p>\n<p>Les 80 embarcacions participants han disputat la setena prova de les vuit previstes que ha estat decisiva per configurar el podi de l\u2019Open Week, competici\u00f3 que els ha perm\u00e8s obtenir resultats classificatoris per a la participaci\u00f3 en el Campionat del m\u00f3n que se celebrar\u00e0, tamb\u00e9 a El Bal\u00eds, del 5 al 9 d\u2019agost.<\/p>\n<p>Amb un vent d\u2019entre 7 i 15 nusos, les quatre jornades s\u2019han portat a terme sota unes condicions meteorol\u00f2giques excepcionals que han perm\u00e8s que els participants poguessin completar els tres primers dies totes les proves amb un vent considerable.<\/p>\n<p><strong>Pau Schilt ja t\u00e9 pla\u00e7a pel Campionat del M\u00f3n.<\/strong><br \/>\nTot i no estar classificat, Pau Schilt, amb el primer lloc aconseguit a l\u2019Open d\u2019Europe es classifica per la Europe World Championship que es disputar\u00e0 la setmana que ve.<br \/>\nSchilt ha declarat que \u201cestic molt content de tornar a navegar despr\u00e9s d\u2019haver finalitzat els estudis de farm\u00e0cia i de tornar a estar al costat de la gent del m\u00f3n de la vela\u201d<\/p>\n<p><strong>Entre els deu primers classificats hi ha 6 espanyols<\/strong><br \/>\nEntre els deu primers classificats hi ha 6 espanyols i la resta s\u00f3n de Dinamarca, Noruega, Su\u00e8cia i B\u00e8lgica.<br \/>\nConformen el podi Pau Schilt en primer lloc, la danesa Anna Lievbjerg en segon lloc i el tercer classificat \u00e9s Lars Johan Brodtkorb de Noruega.<br \/>\nDel quart al des\u00e8 lloc conformen la classificaci\u00f3 Marc Tello del CN El Bal\u00eds, Alejandro Pareja del RCN Torrevieja, el suec Alex Burlin, el belga Toon Van Caneghem, Alex Collins del CN Palam\u00f3s, Ascensi\u00f3n Roca del RCN Torrevieja i Rafael Rabassa del CN El Bal\u00eds.<\/p>\n<p>A la competici\u00f3 hi ha participat 80 regatistes de 10 pa\u00efsos amb una abundant flota espanyola<br \/>\nrepresentada per 46 regatistes, 14 dels quals representen al CN El Bal\u00eds. Dels 80 participants, la majoria s\u00f3n europeus, excepte tres que han navegat per Col\u00f2mbia i Brasil.<\/p>\n\n","protected":false},"excerpt":{"rendered":"<p>\u2022 Pau Schilt, que no estava entre els classificats pel Mundial, amb aquest resultat aconsegueix la pla\u00e7a per la Europe World Championship \u2022 En segon lloc, i a 4 punts del primer, s\u2019ha imposat la danesa Anna Livbjerg i en tercer lloc, amb 2 punts de difer\u00e8ncia de la segona classificada, ha quedat el noruec [&hellip;]<\/p>\n","protected":false},"author":1,"featured_media":0,"comment_status":"open","ping_status":"open","sticky":false,"template":"","format":"standard","meta":{"footnotes":""},"categories":[783,782,785,23],"tags":[407,80,1955,362,1959,559,339],"class_list":["post-29237","post","type-post","status-publish","format-standard","hentry","category-escola","category-esport","category-port","category-vela","tag-championship","tag-europe","tag-ewc","tag-open","tag-top10","tag-week","tag-world"],"acf":[],"_links":{"self":[{"href":"https:\/\/www.cnelbalis.com\/ca\/wp-json\/wp\/v2\/posts\/29237","targetHints":{"allow":["GET"]}}],"collection":[{"href":"https:\/\/www.cnelbalis.com\/ca\/wp-json\/wp\/v2\/posts"}],"about":[{"href":"https:\/\/www.cnelbalis.com\/ca\/wp-json\/wp\/v2\/types\/post"}],"author":[{"embeddable":true,"href":"https:\/\/www.cnelbalis.com\/ca\/wp-json\/wp\/v2\/users\/1"}],"replies":[{"embeddable":true,"href":"https:\/\/www.cnelbalis.com\/ca\/wp-json\/wp\/v2\/comments?post=29237"}],"version-history":[{"count":1,"href":"https:\/\/www.cnelbalis.com\/ca\/wp-json\/wp\/v2\/posts\/29237\/revisions"}],"predecessor-version":[{"id":31215,"href":"https:\/\/www.cnelbalis.com\/ca\/wp-json\/wp\/v2\/posts\/29237\/revisions\/31215"}],"wp:attachment":[{"href":"https:\/\/www.cnelbalis.com\/ca\/wp-json\/wp\/v2\/media?parent=29237"}],"wp:term":[{"taxonomy":"category","embeddable":true,"href":"https:\/\/www.cnelbalis.com\/ca\/wp-json\/wp\/v2\/categories?post=29237"},{"taxonomy":"post_tag","embeddable":true,"href":"https:\/\/www.cnelbalis.com\/ca\/wp-json\/wp\/v2\/tags?post=29237"}],"curies":[{"name":"wp","href":"https:\/\/api.w.org\/{rel}","templated":true}]}}