{"id":29230,"date":"2019-07-24T13:00:08","date_gmt":"2019-07-24T11:00:08","guid":{"rendered":"https:\/\/club.cnelbalis.com\/comenca-el-compte-enrere-per-coneixer-el-campio-del-mon-de-la-classe-europe\/"},"modified":"2022-06-24T09:00:23","modified_gmt":"2022-06-24T07:00:23","slug":"comenca-el-compte-enrere-per-coneixer-el-campio-del-mon-de-la-classe-europe","status":"publish","type":"post","link":"https:\/\/www.cnelbalis.com\/ca\/comenca-el-compte-enrere-per-coneixer-el-campio-del-mon-de-la-classe-europe\/","title":{"rendered":"Comen\u00e7a el compte enrere per con\u00e8ixer el campi\u00f3 del m\u00f3n de la classe Europe"},"content":{"rendered":"<p>\u2022 Cinc dies queden per a que comenci el Campionat Mundial de la classe Europe 2019 que se celebrar\u00e0 al CN El Bal\u00eds del 29 de juliol al 9 de agost.<\/p>\n<p>\u2022 El CN El Bal\u00eds es torna a vestir de gala para acollir als millors regatistes del m\u00f3n de la classe Europe<\/p>\n<p>El Club N\u00e0utic El Bal\u00eds, amb unes instal\u00b7lacions \u00f2ptimes per a la pr\u00e0ctica de la vela i una gran capacitat d\u2019organitzaci\u00f3 de grans esdeveniments i de competicions de gran rellev\u00e0ncia, ja ho t\u00e9 tot preparat per acollir el Campionat del M\u00f3n de la classe Europe.<br \/>\nDurant el Campionat, que se celebrar\u00e0 del 29 de juliol al 9 d&#8217;agost, navegaran per arribar al podi m\u00e9s de 150 embarcacions que competiran en aig\u00fces de Sant Andreu de Llavaneres.<\/p>\n<p><strong>Open Week i Nation\u2019s Cup<\/strong><br \/>\nLa Europe World Championship inclou diverses competicions com l&#8217;Open Week, que se celebrar\u00e0 del 29 de juliol al 2 d&#8217;agost en qu\u00e8 participaran uns 80 regatistes de 10 pa\u00efsos que competiran per obtenir resultats classificatoris per a la participaci\u00f3 en el Campionat del m\u00f3n. Les proves en l&#8217;aigua de l&#8217;Open Week comen\u00e7aran el dimarts 30 de juliol i el 2 d&#8217;agost es lliuraran els premis.<\/p>\n<p>Entre el 3 i el 4 d&#8217;agost se celebrar\u00e0 la Nation&#8217;s Cup, la regata per equips que comptar\u00e0 amb la participaci\u00f3 de regatistes de diferents pa\u00efsos d&#8217;Europa.<\/p>\n<p><strong>World Championship<\/strong><br \/>\nDel 3 al 9 d&#8217;agost, m\u00e9s de 150 regatistes d&#8217;una desena de pa\u00efsos, 11 d&#8217;ells del CN El Bal\u00eds, competiran per ser el campi\u00f3 del m\u00f3n de la classe Europe. Els dies 3 i 4 es duran a terme les medicions i les proves a l&#8217;aigua es realitzaran del 5 al 9 d&#8217;agost.<\/p>\n<p>El diumenge 4 d&#8217;agost se celebrar\u00e0 la cerim\u00f2nia d&#8217;obertura al centre de Sant Andreu de Llavaneres on els regatistes faran el passeig de bandera i seran rebuts per les autoritats.<\/p>\n<p>Els guanyadors de la World Championship rebran els seus trofeus en l&#8217;acte de cloenda del mundial el divendres 9 d&#8217;agost.<\/p>\n<p><strong>El Europe World Championship en xifres<\/strong><br \/>\nM\u00e9s de 150 regatistes de tot el m\u00f3n, 11 d\u2019ells del CN El Bal\u00eds.<br \/>\nDurant el campionat es portaran a terme 12 proves a la Open Week i 10 proves al mundial.<\/p>\n<p>L\u2019organitzaci\u00f3 comptar\u00e0 amb 10 voluntaris.<\/p>\n<p>Col\u00b7labora Ancien Bath Vallromanes (AIRE).<\/p>\n<p><img loading=\"lazy\" decoding=\"async\" class=\"aligncenter wp-image-16307 \" src=\"https:\/\/www.cnelbalis.com\/wp-content\/uploads\/vj-w\/-i\/web-1024x441.jpg\" alt=\"\" width=\"924\" height=\"398\" \/><\/p>\n","protected":false},"excerpt":{"rendered":"<p>\u2022 Cinc dies queden per a que comenci el Campionat Mundial de la classe Europe 2019 que se celebrar\u00e0 al CN El Bal\u00eds del 29 de juliol al 9 de agost. \u2022 El CN El Bal\u00eds es torna a vestir de gala para acollir als millors regatistes del m\u00f3n de la classe Europe El Club [&hellip;]<\/p>\n","protected":false},"author":1,"featured_media":0,"comment_status":"open","ping_status":"open","sticky":false,"template":"","format":"standard","meta":{"footnotes":""},"categories":[783,23],"tags":[65,66,80,246,57,76,554],"class_list":["post-29230","post","type-post","status-publish","format-standard","hentry","category-escola","category-vela","tag-balis","tag-campionat","tag-europe","tag-mon","tag-mundial","tag-regata","tag-regatistes"],"acf":[],"_links":{"self":[{"href":"https:\/\/www.cnelbalis.com\/ca\/wp-json\/wp\/v2\/posts\/29230","targetHints":{"allow":["GET"]}}],"collection":[{"href":"https:\/\/www.cnelbalis.com\/ca\/wp-json\/wp\/v2\/posts"}],"about":[{"href":"https:\/\/www.cnelbalis.com\/ca\/wp-json\/wp\/v2\/types\/post"}],"author":[{"embeddable":true,"href":"https:\/\/www.cnelbalis.com\/ca\/wp-json\/wp\/v2\/users\/1"}],"replies":[{"embeddable":true,"href":"https:\/\/www.cnelbalis.com\/ca\/wp-json\/wp\/v2\/comments?post=29230"}],"version-history":[{"count":1,"href":"https:\/\/www.cnelbalis.com\/ca\/wp-json\/wp\/v2\/posts\/29230\/revisions"}],"predecessor-version":[{"id":31208,"href":"https:\/\/www.cnelbalis.com\/ca\/wp-json\/wp\/v2\/posts\/29230\/revisions\/31208"}],"wp:attachment":[{"href":"https:\/\/www.cnelbalis.com\/ca\/wp-json\/wp\/v2\/media?parent=29230"}],"wp:term":[{"taxonomy":"category","embeddable":true,"href":"https:\/\/www.cnelbalis.com\/ca\/wp-json\/wp\/v2\/categories?post=29230"},{"taxonomy":"post_tag","embeddable":true,"href":"https:\/\/www.cnelbalis.com\/ca\/wp-json\/wp\/v2\/tags?post=29230"}],"curies":[{"name":"wp","href":"https:\/\/api.w.org\/{rel}","templated":true}]}}