{"id":29228,"date":"2019-07-23T13:53:23","date_gmt":"2019-07-23T11:53:23","guid":{"rendered":"https:\/\/club.cnelbalis.com\/monica-veenhoven-campiona-deuropa-de-la-classe-europe-juvenil\/"},"modified":"2022-06-24T09:00:23","modified_gmt":"2022-06-24T07:00:23","slug":"monica-veenhoven-campiona-deuropa-de-la-classe-europe-juvenil","status":"publish","type":"post","link":"https:\/\/www.cnelbalis.com\/ca\/monica-veenhoven-campiona-deuropa-de-la-classe-europe-juvenil\/","title":{"rendered":"Monica Veenhoven, campiona d&#8217;Europa de la classe Europe juvenil"},"content":{"rendered":"<p>La regatista del Club, M\u00f2nica Veenhoven, de 17 anys, s&#8217;ha proclamaci\u00f3 aquest cap de setmana, 20 de juliol, campiona d&#8217;Europa Juvenil de la classe Europe en el Campionat disputada a Faaborg (Dinamarca) amb la participaci\u00f3 de 44 regatistes de deu nacions.<\/p>\n<p>Dues regatistes tambi\u00e9n del Bal\u00eds van finalitzar en el Top10: Nora Lasurt es classifica tercera en la categoria Sub18, i Helena Pru\u00f1onosa, va ser desena.<\/p>\n<p>La competici\u00f3 es desenvolupa en el llarg de cinc jornades i es van disputar un total de 9 m\u00e0nigues. M\u00f2nica Veenhoven, campiona d&#8217;Espanya Sub-18, lidera la classificaci\u00f3 femenina des del primer dia i va aconseguir la vict\u00f2ria amb un avantatge de tretze punts sobre la danesa Casa-Louise Harboe, segona classificada.<\/p>\n<p>En categoria masculina, Joan Freixa es classifica catorz\u00e8 i Marc Arrufat termini en divuitena posici\u00f3.<\/p>\n\n","protected":false},"excerpt":{"rendered":"<p>La regatista del Club, M\u00f2nica Veenhoven, de 17 anys, s&#8217;ha proclamaci\u00f3 aquest cap de setmana, 20 de juliol, campiona d&#8217;Europa Juvenil de la classe Europe en el Campionat disputada a Faaborg (Dinamarca) amb la participaci\u00f3 de 44 regatistes de deu nacions. Dues regatistes tambi\u00e9n del Bal\u00eds van finalitzar en el Top10: Nora Lasurt es classifica [&hellip;]<\/p>\n","protected":false},"author":1,"featured_media":0,"comment_status":"open","ping_status":"open","sticky":false,"template":"","format":"standard","meta":{"footnotes":""},"categories":[783,782,23],"tags":[65,66,165,80,238,591,76],"class_list":["post-29228","post","type-post","status-publish","format-standard","hentry","category-escola","category-esport","category-vela","tag-balis","tag-campionat","tag-europa","tag-europe","tag-europeu","tag-flota","tag-regata"],"acf":[],"_links":{"self":[{"href":"https:\/\/www.cnelbalis.com\/ca\/wp-json\/wp\/v2\/posts\/29228","targetHints":{"allow":["GET"]}}],"collection":[{"href":"https:\/\/www.cnelbalis.com\/ca\/wp-json\/wp\/v2\/posts"}],"about":[{"href":"https:\/\/www.cnelbalis.com\/ca\/wp-json\/wp\/v2\/types\/post"}],"author":[{"embeddable":true,"href":"https:\/\/www.cnelbalis.com\/ca\/wp-json\/wp\/v2\/users\/1"}],"replies":[{"embeddable":true,"href":"https:\/\/www.cnelbalis.com\/ca\/wp-json\/wp\/v2\/comments?post=29228"}],"version-history":[{"count":1,"href":"https:\/\/www.cnelbalis.com\/ca\/wp-json\/wp\/v2\/posts\/29228\/revisions"}],"predecessor-version":[{"id":31206,"href":"https:\/\/www.cnelbalis.com\/ca\/wp-json\/wp\/v2\/posts\/29228\/revisions\/31206"}],"wp:attachment":[{"href":"https:\/\/www.cnelbalis.com\/ca\/wp-json\/wp\/v2\/media?parent=29228"}],"wp:term":[{"taxonomy":"category","embeddable":true,"href":"https:\/\/www.cnelbalis.com\/ca\/wp-json\/wp\/v2\/categories?post=29228"},{"taxonomy":"post_tag","embeddable":true,"href":"https:\/\/www.cnelbalis.com\/ca\/wp-json\/wp\/v2\/tags?post=29228"}],"curies":[{"name":"wp","href":"https:\/\/api.w.org\/{rel}","templated":true}]}}