{"id":29224,"date":"2019-07-18T10:58:27","date_gmt":"2019-07-18T08:58:27","guid":{"rendered":"https:\/\/club.cnelbalis.com\/nacho-davila-i-javier-mestre-4ts-del-mon\/"},"modified":"2022-06-24T09:00:23","modified_gmt":"2022-06-24T07:00:23","slug":"nacho-davila-i-javier-mestre-4ts-del-mon","status":"publish","type":"post","link":"https:\/\/www.cnelbalis.com\/ca\/nacho-davila-i-javier-mestre-4ts-del-mon\/","title":{"rendered":"Nacho D\u00e1vila i Javier Mestre, 4ts del m\u00f3n"},"content":{"rendered":"<p>Del 6 a l&#8217;11 de juliol es va celebrar el Campionat del m\u00f3n de la classe 420 a Vilamoura (Portugal) on no hi va faltar la participaci\u00f3 de la flota del Bal\u00eds amb grans resultats.<\/p>\n<p>Nacho D\u00e1vila i Javier Mestre es van quedar a les portes del podi, van finalitzar 4ts del m\u00f3n despr\u00e9s d&#8217;un molt bon campionat i posicionar-se fins el pen\u00faltim dia de regata com a segons de la general. La darrera jornada nom\u00e9s es van disputar dues de les tres regates programades per falta de vent i aquestes condicions van fer que el t\u00e0ndem D\u00e1vila-Mestre descend\u00edssin dues posici\u00f3n del r\u00e0nquing final.<\/p>\n<p>Cal destacar tamb\u00e9 que la selecci\u00f3 Espanyola va guanyar el premi al millor pa\u00eds per la bona performance en el Campionat.<\/p>\n\n","protected":false},"excerpt":{"rendered":"<p>Del 6 a l&#8217;11 de juliol es va celebrar el Campionat del m\u00f3n de la classe 420 a Vilamoura (Portugal) on no hi va faltar la participaci\u00f3 de la flota del Bal\u00eds amb grans resultats. Nacho D\u00e1vila i Javier Mestre es van quedar a les portes del podi, van finalitzar 4ts del m\u00f3n despr\u00e9s d&#8217;un [&hellip;]<\/p>\n","protected":false},"author":1,"featured_media":0,"comment_status":"open","ping_status":"open","sticky":false,"template":"","format":"standard","meta":{"footnotes":""},"categories":[783,782,23],"tags":[131,65,1932,52],"class_list":["post-29224","post","type-post","status-publish","format-standard","hentry","category-escola","category-esport","category-vela","tag-131","tag-balis","tag-campionat-del-mon","tag-vela"],"acf":[],"_links":{"self":[{"href":"https:\/\/www.cnelbalis.com\/ca\/wp-json\/wp\/v2\/posts\/29224","targetHints":{"allow":["GET"]}}],"collection":[{"href":"https:\/\/www.cnelbalis.com\/ca\/wp-json\/wp\/v2\/posts"}],"about":[{"href":"https:\/\/www.cnelbalis.com\/ca\/wp-json\/wp\/v2\/types\/post"}],"author":[{"embeddable":true,"href":"https:\/\/www.cnelbalis.com\/ca\/wp-json\/wp\/v2\/users\/1"}],"replies":[{"embeddable":true,"href":"https:\/\/www.cnelbalis.com\/ca\/wp-json\/wp\/v2\/comments?post=29224"}],"version-history":[{"count":1,"href":"https:\/\/www.cnelbalis.com\/ca\/wp-json\/wp\/v2\/posts\/29224\/revisions"}],"predecessor-version":[{"id":31202,"href":"https:\/\/www.cnelbalis.com\/ca\/wp-json\/wp\/v2\/posts\/29224\/revisions\/31202"}],"wp:attachment":[{"href":"https:\/\/www.cnelbalis.com\/ca\/wp-json\/wp\/v2\/media?parent=29224"}],"wp:term":[{"taxonomy":"category","embeddable":true,"href":"https:\/\/www.cnelbalis.com\/ca\/wp-json\/wp\/v2\/categories?post=29224"},{"taxonomy":"post_tag","embeddable":true,"href":"https:\/\/www.cnelbalis.com\/ca\/wp-json\/wp\/v2\/tags?post=29224"}],"curies":[{"name":"wp","href":"https:\/\/api.w.org\/{rel}","templated":true}]}}