{"id":29222,"date":"2019-07-03T08:59:13","date_gmt":"2019-07-03T06:59:13","guid":{"rendered":"https:\/\/club.cnelbalis.com\/jornada-promocional-del-pati-de-vela-al-port-balis\/"},"modified":"2022-06-24T09:00:22","modified_gmt":"2022-06-24T07:00:22","slug":"jornada-promocional-del-pati-de-vela-al-port-balis","status":"publish","type":"post","link":"https:\/\/www.cnelbalis.com\/ca\/jornada-promocional-del-pati-de-vela-al-port-balis\/","title":{"rendered":"Jornada promocional del Pat\u00ed de Vela al Port Bal\u00eds"},"content":{"rendered":"<p><img loading=\"lazy\" decoding=\"async\" class=\"size-medium wp-image-16482 alignleft\" src=\"https:\/\/www.cnelbalis.com\/wp-content\/uploads\/vj-w\/-i\/WhatsApp-Image-2019-05-20-at-17.31.08-300x225.jpeg\" alt=\"\" width=\"300\" height=\"225\" \/><\/p>\n<p>Aquest dissabte 6 de juliol obrim les portes a tots aquells, socis i no socis, que estiguin interessats en provar i gaudir dels valors que aporta la vela.<\/p>\n<p>Durant tot el dia, d\u201911 a 18h, oferirem una jornada de portes obertes de l\u2019Escola de Vela on presentarem la nova modalitat, la del Pat\u00ed Catal\u00e0 de Vela. Aix\u00ed mateix, no faltaran les embarcacions, ja fixes des de fa molts anys a l\u2019Escola de vela, com \u00e9s el feva o el Dam.<\/p>\n<p>La cita ser\u00e0 a la platja del CN El Bal\u00eds on convidem a tots els socis, amics de socis, i no socis, a venir, veure les diferents embarcacions, provar-les gratu\u00eftament i gaudir de la navegaci\u00f3.<\/p>\n<p>Us esperem!<\/p>\n","protected":false},"excerpt":{"rendered":"<p>Aquest dissabte 6 de juliol obrim les portes a tots aquells, socis i no socis, que estiguin interessats en provar i gaudir dels valors que aporta la vela. Durant tot el dia, d\u201911 a 18h, oferirem una jornada de portes obertes de l\u2019Escola de Vela on presentarem la nova modalitat, la del Pat\u00ed Catal\u00e0 de [&hellip;]<\/p>\n","protected":false},"author":1,"featured_media":0,"comment_status":"open","ping_status":"open","sticky":false,"template":"","format":"standard","meta":{"footnotes":""},"categories":[23],"tags":[756,1928,1929,303,1930,1931,52],"class_list":["post-29222","post","type-post","status-publish","format-standard","hentry","category-vela","tag-damm","tag-feva","tag-jornada","tag-obertes","tag-pati","tag-portes","tag-vela"],"acf":[],"_links":{"self":[{"href":"https:\/\/www.cnelbalis.com\/ca\/wp-json\/wp\/v2\/posts\/29222","targetHints":{"allow":["GET"]}}],"collection":[{"href":"https:\/\/www.cnelbalis.com\/ca\/wp-json\/wp\/v2\/posts"}],"about":[{"href":"https:\/\/www.cnelbalis.com\/ca\/wp-json\/wp\/v2\/types\/post"}],"author":[{"embeddable":true,"href":"https:\/\/www.cnelbalis.com\/ca\/wp-json\/wp\/v2\/users\/1"}],"replies":[{"embeddable":true,"href":"https:\/\/www.cnelbalis.com\/ca\/wp-json\/wp\/v2\/comments?post=29222"}],"version-history":[{"count":1,"href":"https:\/\/www.cnelbalis.com\/ca\/wp-json\/wp\/v2\/posts\/29222\/revisions"}],"predecessor-version":[{"id":31200,"href":"https:\/\/www.cnelbalis.com\/ca\/wp-json\/wp\/v2\/posts\/29222\/revisions\/31200"}],"wp:attachment":[{"href":"https:\/\/www.cnelbalis.com\/ca\/wp-json\/wp\/v2\/media?parent=29222"}],"wp:term":[{"taxonomy":"category","embeddable":true,"href":"https:\/\/www.cnelbalis.com\/ca\/wp-json\/wp\/v2\/categories?post=29222"},{"taxonomy":"post_tag","embeddable":true,"href":"https:\/\/www.cnelbalis.com\/ca\/wp-json\/wp\/v2\/tags?post=29222"}],"curies":[{"name":"wp","href":"https:\/\/api.w.org\/{rel}","templated":true}]}}