{"id":29212,"date":"2019-06-11T13:38:37","date_gmt":"2019-06-11T11:38:37","guid":{"rendered":"https:\/\/club.cnelbalis.com\/jordi-gonzalez-or-a-la-4a-regata-del-campionat-de-catalunya-a-el-balis\/"},"modified":"2022-06-24T09:00:15","modified_gmt":"2022-06-24T07:00:15","slug":"jordi-gonzalez-or-a-la-4a-regata-del-campionat-de-catalunya-a-el-balis","status":"publish","type":"post","link":"https:\/\/www.cnelbalis.com\/ca\/jordi-gonzalez-or-a-la-4a-regata-del-campionat-de-catalunya-a-el-balis\/","title":{"rendered":"Jordi Gonz\u00e1lez, or a la 4a regata del Campionat de Catalunya a El Bal\u00eds"},"content":{"rendered":"<p>El dissabte 8 de juny va tenir lloc al Club N\u00e0utic El Bal\u00eds la quarta regata del Campionat de Catalunya de motos aqu\u00e0tiques 2019, sota l\u2019organitzaci\u00f3 de la Federaci\u00f3 Catalana de Moton\u00e0utica i el Club N\u00e0utic El Bal\u00eds i el suport de l\u2019Ajuntament de Sant Andreu de Llavaneres, Venturi Jets, empresa especialitzada en motos aqu\u00e0tiques de Port Bal\u00eds, i Caves Masachs.<\/p>\n<p>La regata va coincidir amb la Fira Port Bal\u00eds MarinaDay, jornada de portes obertes dels ports esportius i tur\u00edstics, de manera que la cursa va ser seguida per un nombr\u00f3s p\u00fablic.<\/p>\n<p>La jornada va estar marcada per un notable vent de llevant que va fer que els pilots haguessin d&#8217;esfor\u00e7ar-se m\u00e9s del que \u00e9s habitual, sobre un circuit que havia estat pr\u00e8viament simplificat per part dels comissaris, per tal d\u2019evitar situacions insegures. Tot i aix\u00ed, de les tres m\u00e0negues previstes per a cadascuna de les categories nom\u00e9s se\u2019n van disputar dues. Aix\u00f2 no \u00e9s un inconvenient a nivell de puntuaci\u00f3, tota vegada que el reglament ja preveu un coeficient de 1,5 sobre la puntuaci\u00f3 de la jornada quan es donen aquesta mena de circumst\u00e0ncies.<\/p>\n<p>La categoria GP3 va ser molt disputada, doncs Roger Pujol va guanyar la primera m\u00e0nega i va fer segon a la segona, la qual cosa li va valer el lloc m\u00e9s alt del p\u00f2dium, per\u00f2 seguit de Jordi Tom\u00e1s, que va ser tercer a la primera m\u00e0nega, per\u00f2 va guanyar la segona. Denis Munnikhuis va ser el tercer. De fet, aquest resultats no alteren gaire la classificaci\u00f3 general provisional del Campionat, tota vegada que Pujol havia faltat a dues curses anteriors.<\/p>\n<p>A la categoria F4 va saltar la sorpresa quan Sergi Fern\u00e1ndez va guanyar les dues m\u00e0negues amb autoritat. Sorpresa relativa, dons Fern\u00e1ndez \u00e9s un veter\u00e0 pilot de ral\u2022lis en motos aqu\u00e0tiques i s\u2019havia trobat en el passat amb situacions de mar molt pitjors. Segon va ser Jordi Gonz\u00e1lez, que conserva un c\u00f2mode avantatge a la classificaci\u00f3 general i tercer Miguel Angel Gargallo.<\/p>\n<p>Les properes regates estan previstes el mes de juliol a Amposta i el mes de setembre a L\u2019Ampolla, totes dues a les Terres de l\u2019Ebre.<\/p>\n<p><strong>Classificaci\u00f3 general provisional<\/strong><br \/>\n<em>Categoria F4<\/em><br \/>\n1er. Jordi Gonz\u00e1lez. Club N\u00e0utic El Bal\u00eds. 274 punts.<br \/>\n2n. Miguel Angel Gargallo. FCM. 214,5 punts.<br \/>\n3er. Llu\u00eds Montal\u00e0. FCM. 160,5 punts.<br \/>\n<em>Categoria GP3<\/em><br \/>\n1er. Jordi Tom\u00e1s. Moton\u00e0utic Club Amposta. 243,5 punts.<br \/>\n2on. Joan Sevil. Moton\u00e0utic Club Amposta. 173,5 punts.<br \/>\n3er. Juli Pujol, Moton\u00e0utic Club Castelldefels. 141,5 punts.<\/p>\n\n","protected":false},"excerpt":{"rendered":"<p>El dissabte 8 de juny va tenir lloc al Club N\u00e0utic El Bal\u00eds la quarta regata del Campionat de Catalunya de motos aqu\u00e0tiques 2019, sota l\u2019organitzaci\u00f3 de la Federaci\u00f3 Catalana de Moton\u00e0utica i el Club N\u00e0utic El Bal\u00eds i el suport de l\u2019Ajuntament de Sant Andreu de Llavaneres, Venturi Jets, empresa especialitzada en motos aqu\u00e0tiques [&hellip;]<\/p>\n","protected":false},"author":1,"featured_media":0,"comment_status":"open","ping_status":"open","sticky":false,"template":"","format":"standard","meta":{"footnotes":""},"categories":[783,782,785,26],"tags":[1885,289,65,66,132,1907,274],"class_list":["post-29212","post","type-post","status-publish","format-standard","hentry","category-escola","category-esport","category-port","category-social","tag-aigua","tag-aquatiques","tag-balis","tag-campionat","tag-catalunya","tag-deferacio","tag-motos"],"acf":[],"_links":{"self":[{"href":"https:\/\/www.cnelbalis.com\/ca\/wp-json\/wp\/v2\/posts\/29212","targetHints":{"allow":["GET"]}}],"collection":[{"href":"https:\/\/www.cnelbalis.com\/ca\/wp-json\/wp\/v2\/posts"}],"about":[{"href":"https:\/\/www.cnelbalis.com\/ca\/wp-json\/wp\/v2\/types\/post"}],"author":[{"embeddable":true,"href":"https:\/\/www.cnelbalis.com\/ca\/wp-json\/wp\/v2\/users\/1"}],"replies":[{"embeddable":true,"href":"https:\/\/www.cnelbalis.com\/ca\/wp-json\/wp\/v2\/comments?post=29212"}],"version-history":[{"count":1,"href":"https:\/\/www.cnelbalis.com\/ca\/wp-json\/wp\/v2\/posts\/29212\/revisions"}],"predecessor-version":[{"id":31191,"href":"https:\/\/www.cnelbalis.com\/ca\/wp-json\/wp\/v2\/posts\/29212\/revisions\/31191"}],"wp:attachment":[{"href":"https:\/\/www.cnelbalis.com\/ca\/wp-json\/wp\/v2\/media?parent=29212"}],"wp:term":[{"taxonomy":"category","embeddable":true,"href":"https:\/\/www.cnelbalis.com\/ca\/wp-json\/wp\/v2\/categories?post=29212"},{"taxonomy":"post_tag","embeddable":true,"href":"https:\/\/www.cnelbalis.com\/ca\/wp-json\/wp\/v2\/tags?post=29212"}],"curies":[{"name":"wp","href":"https:\/\/api.w.org\/{rel}","templated":true}]}}