{"id":29197,"date":"2019-05-02T14:55:54","date_gmt":"2019-05-02T12:55:54","guid":{"rendered":"https:\/\/club.cnelbalis.com\/excellents-resultats-de-la-flota-de-windsurf-en-el-campionat-despanya\/"},"modified":"2022-06-24T09:00:08","modified_gmt":"2022-06-24T07:00:08","slug":"excellents-resultats-de-la-flota-de-windsurf-en-el-campionat-despanya","status":"publish","type":"post","link":"https:\/\/www.cnelbalis.com\/ca\/excellents-resultats-de-la-flota-de-windsurf-en-el-campionat-despanya\/","title":{"rendered":"Excel\u00b7lents resultats de la flota de Windsurf en el Campionat d&#8217;Espanya"},"content":{"rendered":"<p>Es tanca el Campionat d&#8217;Espanya de windsurf amb vents de sud, 1 garb\u00ed de 15 nusos, i 84 proves en total, durant 4 dies de competici\u00f3 a Blanes. S&#8217;ha posat punt i final a un campionat amb m\u00e9s de 160 regatistes de 8 comunitats aut\u00f2nomes (Andalusia, Balears, Can\u00e0ries, Catalunya, Euskadi, Gal\u00edcia, Melilla i Val\u00e8ncia) i la participaci\u00f3 de regatistes internacionals de Finl\u00e0ndia, Fran\u00e7a, EUA i Austr\u00e0lia. Els regatistes han tenyit d&#8217;espelmes i color la badia de la localitat gironina durant 5 dies.<\/p>\n<p>Nou regatistes de la flota d&#8217;El Bal\u00eds han participat en la competici\u00f3. Els resultats han estat els seg\u00fcents:<\/p>\n<p><strong>RS:X Masculino<\/strong>: 7) Ferran Cornudella<br \/>\n<strong>RS: X Femenino:<\/strong> 4) Julia Gomez<br \/>\n<strong>RS:X Juvenil:<\/strong> 12) Javi Sim\u00f3<br \/>\n<strong>Raceboard:<\/strong> 15) Marti Serr\u00e0<br \/>\n<strong>Techno Plus:<\/strong><br \/>\n15) Mart\u00ed Angel<br \/>\n17) Oriol Vidal<br \/>\n<strong>Techno Sub17:<\/strong><br \/>\n28) Natalia de Francisco<br \/>\n36) Julia Gomez Roa<br \/>\n42) Guillermo Hernandez Puertolas<\/p>\n\n","protected":false},"excerpt":{"rendered":"<p>Es tanca el Campionat d&#8217;Espanya de windsurf amb vents de sud, 1 garb\u00ed de 15 nusos, i 84 proves en total, durant 4 dies de competici\u00f3 a Blanes. S&#8217;ha posat punt i final a un campionat amb m\u00e9s de 160 regatistes de 8 comunitats aut\u00f2nomes (Andalusia, Balears, Can\u00e0ries, Catalunya, Euskadi, Gal\u00edcia, Melilla i Val\u00e8ncia) i [&hellip;]<\/p>\n","protected":false},"author":1,"featured_media":0,"comment_status":"open","ping_status":"open","sticky":false,"template":"","format":"standard","meta":{"footnotes":""},"categories":[783,23],"tags":[65,195,230,114,491,76,152,52,105],"class_list":["post-29197","post","type-post","status-publish","format-standard","hentry","category-escola","category-vela","tag-balis","tag-campeonato","tag-club","tag-espana","tag-nautico","tag-regata","tag-rsx","tag-vela","tag-windsurf"],"acf":[],"_links":{"self":[{"href":"https:\/\/www.cnelbalis.com\/ca\/wp-json\/wp\/v2\/posts\/29197","targetHints":{"allow":["GET"]}}],"collection":[{"href":"https:\/\/www.cnelbalis.com\/ca\/wp-json\/wp\/v2\/posts"}],"about":[{"href":"https:\/\/www.cnelbalis.com\/ca\/wp-json\/wp\/v2\/types\/post"}],"author":[{"embeddable":true,"href":"https:\/\/www.cnelbalis.com\/ca\/wp-json\/wp\/v2\/users\/1"}],"replies":[{"embeddable":true,"href":"https:\/\/www.cnelbalis.com\/ca\/wp-json\/wp\/v2\/comments?post=29197"}],"version-history":[{"count":1,"href":"https:\/\/www.cnelbalis.com\/ca\/wp-json\/wp\/v2\/posts\/29197\/revisions"}],"predecessor-version":[{"id":31178,"href":"https:\/\/www.cnelbalis.com\/ca\/wp-json\/wp\/v2\/posts\/29197\/revisions\/31178"}],"wp:attachment":[{"href":"https:\/\/www.cnelbalis.com\/ca\/wp-json\/wp\/v2\/media?parent=29197"}],"wp:term":[{"taxonomy":"category","embeddable":true,"href":"https:\/\/www.cnelbalis.com\/ca\/wp-json\/wp\/v2\/categories?post=29197"},{"taxonomy":"post_tag","embeddable":true,"href":"https:\/\/www.cnelbalis.com\/ca\/wp-json\/wp\/v2\/tags?post=29197"}],"curies":[{"name":"wp","href":"https:\/\/api.w.org\/{rel}","templated":true}]}}