{"id":29187,"date":"2019-04-19T15:43:49","date_gmt":"2019-04-19T13:43:49","guid":{"rendered":"https:\/\/club.cnelbalis.com\/lequip-vf-de-rem-subcampiones-de-la-lliga-de-llaut-mediterrani-dhivern\/"},"modified":"2022-06-24T09:00:06","modified_gmt":"2022-06-24T07:00:06","slug":"lequip-vf-de-rem-subcampiones-de-la-lliga-de-llaut-mediterrani-dhivern","status":"publish","type":"post","link":"https:\/\/www.cnelbalis.com\/ca\/lequip-vf-de-rem-subcampiones-de-la-lliga-de-llaut-mediterrani-dhivern\/","title":{"rendered":"L\u2019equip VF de rem, subcampiones de la Lliga de Lla\u00fct Mediterrani d&#8217;hivern"},"content":{"rendered":"<p>El diumenge 14 d\u2019abril, l\u2019equip Veter\u00e0 Femen\u00ed de Rem del CN El Bal\u00eds va disputar l\u2019\u00faltima prova de la Lliga d&#8217;hivern de Lla\u00fct Mediterrani a la Platja de Santa Cristina de Lloret de Mar.<\/p>\n<p>Durant tota la lliga, hi ha participat 8 equips diferents d\u2019arreu de Catalunya a la cateogria VF i despr\u00e9s de les rondes eliminat\u00f2ries que es van realitzar a Santa Cristina, s\u2019ha pogut con\u00e8ixer la classificaci\u00f3 final de la temporada, aconseguint, l\u2019equip del CN El Bal\u00eds una merit\u00f2ria segona posici\u00f3 amb 71 punts, 9 menys que el campi\u00f3, Vent d\u2019estrop vogadors de Cambrils, i 7 m\u00e9s que els tercers, Club de Rem Xon\u2019sempuriabrava.<\/p>\n<p>Des del CN El Bal\u00eds es vol donar les gr\u00e0cies al Club Rem Badalona que ha parm\u00e8s que el nostre equip compet\u00eds amb l&#8217;embarcaci\u00f3 que ens han deixat durant tota la Lliga.<\/p>\n<p>El proper 12 de maig, competiran al Campionat de catalunya de Lla\u00fct del Mediterrani a Banyoles. Des d&#8217;aqu\u00ed, molta sort!<\/p>\n<p>&nbsp;<\/p>\n\n","protected":false},"excerpt":{"rendered":"<p>El diumenge 14 d\u2019abril, l\u2019equip Veter\u00e0 Femen\u00ed de Rem del CN El Bal\u00eds va disputar l\u2019\u00faltima prova de la Lliga d&#8217;hivern de Lla\u00fct Mediterrani a la Platja de Santa Cristina de Lloret de Mar. Durant tota la lliga, hi ha participat 8 equips diferents d\u2019arreu de Catalunya a la cateogria VF i despr\u00e9s de les [&hellip;]<\/p>\n","protected":false},"author":1,"featured_media":0,"comment_status":"open","ping_status":"open","sticky":false,"template":"","format":"standard","meta":{"footnotes":""},"categories":[783,782,26],"tags":[473,1868,279,1870,76,99],"class_list":["post-29187","post","type-post","status-publish","format-standard","hentry","category-escola","category-esport","category-social","tag-catala","tag-llaut","tag-lliga","tag-mediterrani","tag-regata","tag-rem"],"acf":[],"_links":{"self":[{"href":"https:\/\/www.cnelbalis.com\/ca\/wp-json\/wp\/v2\/posts\/29187","targetHints":{"allow":["GET"]}}],"collection":[{"href":"https:\/\/www.cnelbalis.com\/ca\/wp-json\/wp\/v2\/posts"}],"about":[{"href":"https:\/\/www.cnelbalis.com\/ca\/wp-json\/wp\/v2\/types\/post"}],"author":[{"embeddable":true,"href":"https:\/\/www.cnelbalis.com\/ca\/wp-json\/wp\/v2\/users\/1"}],"replies":[{"embeddable":true,"href":"https:\/\/www.cnelbalis.com\/ca\/wp-json\/wp\/v2\/comments?post=29187"}],"version-history":[{"count":1,"href":"https:\/\/www.cnelbalis.com\/ca\/wp-json\/wp\/v2\/posts\/29187\/revisions"}],"predecessor-version":[{"id":31168,"href":"https:\/\/www.cnelbalis.com\/ca\/wp-json\/wp\/v2\/posts\/29187\/revisions\/31168"}],"wp:attachment":[{"href":"https:\/\/www.cnelbalis.com\/ca\/wp-json\/wp\/v2\/media?parent=29187"}],"wp:term":[{"taxonomy":"category","embeddable":true,"href":"https:\/\/www.cnelbalis.com\/ca\/wp-json\/wp\/v2\/categories?post=29187"},{"taxonomy":"post_tag","embeddable":true,"href":"https:\/\/www.cnelbalis.com\/ca\/wp-json\/wp\/v2\/tags?post=29187"}],"curies":[{"name":"wp","href":"https:\/\/api.w.org\/{rel}","templated":true}]}}