{"id":29186,"date":"2019-04-19T11:49:48","date_gmt":"2019-04-19T09:49:48","guid":{"rendered":"https:\/\/club.cnelbalis.com\/el-cn-el-balis-subcampio-a-la-2a-fase-classificatoria-de-la-lliga-vela-catalana\/"},"modified":"2022-06-24T09:00:06","modified_gmt":"2022-06-24T07:00:06","slug":"el-cn-el-balis-subcampio-a-la-2a-fase-classificatoria-de-la-lliga-vela-catalana","status":"publish","type":"post","link":"https:\/\/www.cnelbalis.com\/ca\/el-cn-el-balis-subcampio-a-la-2a-fase-classificatoria-de-la-lliga-vela-catalana\/","title":{"rendered":"El CN El Bal\u00eds, subcampi\u00f3 a la 2a fase classificat\u00f2ria de la Lliga Vela Catalana"},"content":{"rendered":"<p>El 13 i 14 d&#8217;abril es va celebrar en aig\u00fces de Vilanova i la Geltr\u00fa l\u2019\u00faltima fase classificat\u00f2ria per a la gran final de la Lliga Vela Catalana.<\/p>\n<p>El CN El Bal\u00eds es va imposar per davant del CN d&#8217;Arenys de Mar i per darrera de la tripulaci\u00f3 representant del CN El Masnou en les dues jornades de competici\u00f3, finalitzant segons.<\/p>\n<p>En total es van disputar les 15 proves programades. Durant la jornada de dissabte, les condicions de vent no van ser les m\u00e9s \u00f2ptimes -component sud entre 5 i 7 nusos- per\u00f2, durant la jornada de diumenge, les tripulacions van gaudir d&#8217;un llevant d&#8217;entre 10 i 14 nusos.<\/p>\n<p>Despr\u00e9s d&#8217;aquesta classificat\u00f2ria, els Clubs que participaran en la final de la Lliga s\u00f3n: CN l&#8217;Escala, CN El Masnou, CN El Bal\u00eds, CN d&#8217;Arenys de Mar i CN Vilanova.<\/p>\n<p><strong>Sobre la Lliga Vela Catalana:<\/strong><br \/>\nLa Lliga Vela Catalana \u00e9s un campionat entre Clubs que competeixen en embarcacions monotip (J70 i J80), organitzat per la Federaci\u00f3 Catalana de Vela, el CN l\u2019Escala i el CN Vilanova. La final de la Lliga se celebrar\u00e0 els pr\u00f2xims 4 i 5 de maig en aig\u00fces de Vilanova i la Geltr\u00fa.<\/p>\n\n","protected":false},"excerpt":{"rendered":"<p>El 13 i 14 d&#8217;abril es va celebrar en aig\u00fces de Vilanova i la Geltr\u00fa l\u2019\u00faltima fase classificat\u00f2ria per a la gran final de la Lliga Vela Catalana. El CN El Bal\u00eds es va imposar per davant del CN d&#8217;Arenys de Mar i per darrera de la tripulaci\u00f3 representant del CN El Masnou en les [&hellip;]<\/p>\n","protected":false},"author":1,"featured_media":0,"comment_status":"open","ping_status":"open","sticky":false,"template":"","format":"standard","meta":{"footnotes":""},"categories":[782,26,23],"tags":[65,1864,1866,76,52],"class_list":["post-29186","post","type-post","status-publish","format-standard","hentry","category-esport","category-social","category-vela","tag-balis","tag-j70","tag-monotip","tag-regata","tag-vela"],"acf":[],"_links":{"self":[{"href":"https:\/\/www.cnelbalis.com\/ca\/wp-json\/wp\/v2\/posts\/29186","targetHints":{"allow":["GET"]}}],"collection":[{"href":"https:\/\/www.cnelbalis.com\/ca\/wp-json\/wp\/v2\/posts"}],"about":[{"href":"https:\/\/www.cnelbalis.com\/ca\/wp-json\/wp\/v2\/types\/post"}],"author":[{"embeddable":true,"href":"https:\/\/www.cnelbalis.com\/ca\/wp-json\/wp\/v2\/users\/1"}],"replies":[{"embeddable":true,"href":"https:\/\/www.cnelbalis.com\/ca\/wp-json\/wp\/v2\/comments?post=29186"}],"version-history":[{"count":1,"href":"https:\/\/www.cnelbalis.com\/ca\/wp-json\/wp\/v2\/posts\/29186\/revisions"}],"predecessor-version":[{"id":31167,"href":"https:\/\/www.cnelbalis.com\/ca\/wp-json\/wp\/v2\/posts\/29186\/revisions\/31167"}],"wp:attachment":[{"href":"https:\/\/www.cnelbalis.com\/ca\/wp-json\/wp\/v2\/media?parent=29186"}],"wp:term":[{"taxonomy":"category","embeddable":true,"href":"https:\/\/www.cnelbalis.com\/ca\/wp-json\/wp\/v2\/categories?post=29186"},{"taxonomy":"post_tag","embeddable":true,"href":"https:\/\/www.cnelbalis.com\/ca\/wp-json\/wp\/v2\/tags?post=29186"}],"curies":[{"name":"wp","href":"https:\/\/api.w.org\/{rel}","templated":true}]}}