{"id":29158,"date":"2019-02-06T12:11:51","date_gmt":"2019-02-06T11:11:51","guid":{"rendered":"https:\/\/club.cnelbalis.com\/1a-edicio-de-la-regata-boomerang-balsamar\/"},"modified":"2022-06-24T08:59:54","modified_gmt":"2022-06-24T06:59:54","slug":"1a-edicio-de-la-regata-boomerang-balsamar","status":"publish","type":"post","link":"https:\/\/www.cnelbalis.com\/ca\/1a-edicio-de-la-regata-boomerang-balsamar\/","title":{"rendered":"1a edici\u00f3 de la Regata Boomerang &#8211; Balsamar"},"content":{"rendered":"<p><img loading=\"lazy\" decoding=\"async\" class=\"size-medium wp-image-15465 alignleft\" src=\"https:\/\/www.cnelbalis.com\/wp-content\/uploads\/vj-w\/-i\/cartell-boomerang-4.0pub-225x300.jpg\" alt=\"\" width=\"225\" height=\"300\" \/>El Club N\u00e0utic El Bal\u00eds, FUN4SAIL i amb la Col\u00b7laboraci\u00f3 de la Federaci\u00f3 Catalana de Vela organitzaran la primera edici\u00f3 de la Regata Boomerang &#8211; Balsamar 100 MILLES per a la classe Creuer ORC i RI els 22, 23 i 24 de mar\u00e7.<\/p>\n<p>Com indica el nom de la regata, el recorregut ser\u00e0 de 100 milles i el format de competici\u00f3 ser\u00e0 de flota. A difer\u00e8ncia d\u2019altres regates, aquesta \u00e9s una regata estrat\u00e8gica segons el tipus d\u2019embarcci9\u00f3, doncs s\u2019hauran de rec\u00f3rrer les 100 milles en sentit nord o sud segons escollir l\u2019armador amb la seva tripulaci\u00f3.<\/p>\n<p>La senyal d\u2019atenci\u00f3 de la regata ser\u00e0 el divendres 22 de mar\u00e7 a les 18h i l\u2019entrega de premis el diumenge. Aquest consistir\u00e0 en un dinar, sorteig, repartiment de premis i festa. Hi haur\u00e0 una classificaci\u00f3 general ORC, RI i Promoci\u00f3 per a cada una de les classes que es formin. I per no oblidar la problem\u00e0tica ambiental actual, hi haur\u00e0 un premi especial per l\u2019embarcaci\u00f3 que reculli m\u00e9s pl\u00e0stics del mar.<\/p>\n<p>Inscriu-te, <a href=\"https:\/\/www.f4sailing.com\/inscripcions-tripulants\" target=\"_blank\" rel=\"noopener\">aqu\u00ed.<\/a>\u00a0Tens temps fins el 15 de mar\u00e7.<\/p>\n","protected":false},"excerpt":{"rendered":"<p>El Club N\u00e0utic El Bal\u00eds, FUN4SAIL i amb la Col\u00b7laboraci\u00f3 de la Federaci\u00f3 Catalana de Vela organitzaran la primera edici\u00f3 de la Regata Boomerang &#8211; Balsamar 100 MILLES per a la classe Creuer ORC i RI els 22, 23 i 24 de mar\u00e7. Com indica el nom de la regata, el recorregut ser\u00e0 de 100 [&hellip;]<\/p>\n","protected":false},"author":1,"featured_media":0,"comment_status":"open","ping_status":"open","sticky":false,"template":"","format":"standard","meta":{"footnotes":""},"categories":[785,23],"tags":[1808,516,61],"class_list":["post-29158","post","type-post","status-publish","format-standard","hentry","category-port","category-vela","tag-100milles","tag-boomerang","tag-creuer"],"acf":[],"_links":{"self":[{"href":"https:\/\/www.cnelbalis.com\/ca\/wp-json\/wp\/v2\/posts\/29158","targetHints":{"allow":["GET"]}}],"collection":[{"href":"https:\/\/www.cnelbalis.com\/ca\/wp-json\/wp\/v2\/posts"}],"about":[{"href":"https:\/\/www.cnelbalis.com\/ca\/wp-json\/wp\/v2\/types\/post"}],"author":[{"embeddable":true,"href":"https:\/\/www.cnelbalis.com\/ca\/wp-json\/wp\/v2\/users\/1"}],"replies":[{"embeddable":true,"href":"https:\/\/www.cnelbalis.com\/ca\/wp-json\/wp\/v2\/comments?post=29158"}],"version-history":[{"count":1,"href":"https:\/\/www.cnelbalis.com\/ca\/wp-json\/wp\/v2\/posts\/29158\/revisions"}],"predecessor-version":[{"id":31139,"href":"https:\/\/www.cnelbalis.com\/ca\/wp-json\/wp\/v2\/posts\/29158\/revisions\/31139"}],"wp:attachment":[{"href":"https:\/\/www.cnelbalis.com\/ca\/wp-json\/wp\/v2\/media?parent=29158"}],"wp:term":[{"taxonomy":"category","embeddable":true,"href":"https:\/\/www.cnelbalis.com\/ca\/wp-json\/wp\/v2\/categories?post=29158"},{"taxonomy":"post_tag","embeddable":true,"href":"https:\/\/www.cnelbalis.com\/ca\/wp-json\/wp\/v2\/tags?post=29158"}],"curies":[{"name":"wp","href":"https:\/\/api.w.org\/{rel}","templated":true}]}}