{"id":29136,"date":"2018-11-19T12:25:32","date_gmt":"2018-11-19T11:25:32","guid":{"rendered":"https:\/\/club.cnelbalis.com\/mariona-rahola-subcampiona-despanya-sub-18-de-laser-4-7\/"},"modified":"2022-06-24T08:59:48","modified_gmt":"2022-06-24T06:59:48","slug":"mariona-rahola-subcampiona-despanya-sub-18-de-laser-4-7","status":"publish","type":"post","link":"https:\/\/www.cnelbalis.com\/ca\/mariona-rahola-subcampiona-despanya-sub-18-de-laser-4-7\/","title":{"rendered":"Mariona Rahola, subcampiona d&#8217;Espanya Sub-18 de L\u00e0ser 4.7"},"content":{"rendered":"<p>Amb una gran actuaci\u00f3 sota unes condicions de vent molt complicades, la regatista d\u2019El Bal\u00eds, Mariona Rahola, s&#8217;ha proclamat subcampiona femenina en categoria Sub-18 de L\u00e0ser 4.7 al Campionat d&#8217;Espanya disputat, del 31 d&#8217;octubre al 4 de novembre, a Santiago de la Ribera, M\u00farcia. Dels 177 regatistes arribats d&#8217;arreu de l&#8217;Estat, 3 eren del CN El Bal\u00eds, Mariona Rahola, Arnau Gelp\u00ed i Giulio Zunino.<\/p>\n<p><strong>Resultats<\/strong> de la resta de participants d\u2019El Bal\u00eds:<br \/>\n25) Arnau Gelp\u00ed<br \/>\n54) Giulio Zunino<\/p>\n<p>A m\u00e9s a m\u00e9s, aquest cap de setmana s\u2019ha celebrat la <strong>N2 de Salou<\/strong> on s\u2019han disputat 5 proves.<\/p>\n<p>Bon\u00edssims resultats de l\u2019equip de Laser 4.7:<br \/>\n2) Giulio Zunino (1r sub16)<br \/>\n4) Arnau Gelp\u00ed<br \/>\n6) Mariona Rahola (1a f\u00e8mina)<br \/>\n8 ) Robert Keal (RCYC\/ CN El Balis)<\/p>\n\n","protected":false},"excerpt":{"rendered":"<p>Amb una gran actuaci\u00f3 sota unes condicions de vent molt complicades, la regatista d\u2019El Bal\u00eds, Mariona Rahola, s&#8217;ha proclamat subcampiona femenina en categoria Sub-18 de L\u00e0ser 4.7 al Campionat d&#8217;Espanya disputat, del 31 d&#8217;octubre al 4 de novembre, a Santiago de la Ribera, M\u00farcia. Dels 177 regatistes arribats d&#8217;arreu de l&#8217;Estat, 3 eren del CN [&hellip;]<\/p>\n","protected":false},"author":1,"featured_media":0,"comment_status":"open","ping_status":"open","sticky":false,"template":"","format":"standard","meta":{"footnotes":""},"categories":[783,782,23],"tags":[313,195,114,59,335],"class_list":["post-29136","post","type-post","status-publish","format-standard","hentry","category-escola","category-esport","category-vela","tag-4-7","tag-campeonato","tag-espana","tag-laser","tag-n2"],"acf":[],"_links":{"self":[{"href":"https:\/\/www.cnelbalis.com\/ca\/wp-json\/wp\/v2\/posts\/29136","targetHints":{"allow":["GET"]}}],"collection":[{"href":"https:\/\/www.cnelbalis.com\/ca\/wp-json\/wp\/v2\/posts"}],"about":[{"href":"https:\/\/www.cnelbalis.com\/ca\/wp-json\/wp\/v2\/types\/post"}],"author":[{"embeddable":true,"href":"https:\/\/www.cnelbalis.com\/ca\/wp-json\/wp\/v2\/users\/1"}],"replies":[{"embeddable":true,"href":"https:\/\/www.cnelbalis.com\/ca\/wp-json\/wp\/v2\/comments?post=29136"}],"version-history":[{"count":1,"href":"https:\/\/www.cnelbalis.com\/ca\/wp-json\/wp\/v2\/posts\/29136\/revisions"}],"predecessor-version":[{"id":31118,"href":"https:\/\/www.cnelbalis.com\/ca\/wp-json\/wp\/v2\/posts\/29136\/revisions\/31118"}],"wp:attachment":[{"href":"https:\/\/www.cnelbalis.com\/ca\/wp-json\/wp\/v2\/media?parent=29136"}],"wp:term":[{"taxonomy":"category","embeddable":true,"href":"https:\/\/www.cnelbalis.com\/ca\/wp-json\/wp\/v2\/categories?post=29136"},{"taxonomy":"post_tag","embeddable":true,"href":"https:\/\/www.cnelbalis.com\/ca\/wp-json\/wp\/v2\/tags?post=29136"}],"curies":[{"name":"wp","href":"https:\/\/api.w.org\/{rel}","templated":true}]}}