{"id":29135,"date":"2018-11-19T12:16:53","date_gmt":"2018-11-19T11:16:53","guid":{"rendered":"https:\/\/club.cnelbalis.com\/nacho-davila-y-javi-mestre-subcampions-despanya-absoluts-i-sub-18-de-420\/"},"modified":"2022-06-24T08:59:48","modified_gmt":"2022-06-24T06:59:48","slug":"nacho-davila-y-javi-mestre-subcampions-despanya-absoluts-i-sub-18-de-420","status":"publish","type":"post","link":"https:\/\/www.cnelbalis.com\/ca\/nacho-davila-y-javi-mestre-subcampions-despanya-absoluts-i-sub-18-de-420\/","title":{"rendered":"Nacho D\u00e1vila y Javi Mestre, subcampions d&#8217;Espanya absoluts i Sub-18 de 420"},"content":{"rendered":"<p>L&#8217;equip format per Nacho D\u00e1vila i Javi Mestre, regatistes del CN El Bal\u00eds, es proclamen subcampions absoluts i Sub-19 de la classe 420 a la Copa d&#8217;Espanya disputada, de l&#8217;1 al 4 de novembre, a San Sebasti\u00e0, Pa\u00eds Basc. El campionat, al que hi han assistit un total de 96 regatistes i 24 entrenadors, va iniciar-se amb unes molt bones condicions de vent per\u00f2 a mesura que avan\u00e7aven els dies aquesta intensitat va anar disminuint.<\/p>\n<p>Destacar la bona actuaci\u00f3 de tots els regatistes del Club, on a banda del podi del t\u00e0ndem D\u00e1vila-Mestre, l&#8217;equip format per Edu Ferrer i Nil L\u00f3pez, es van quedar a les portes d&#8217;estar entre els 10 millors amb una 11a posici\u00f3 absoluta. Aix\u00ed mateix, Tatan Riquelme i Miquel P\u00e9rez, van finalitzar en una 6a posici\u00f3 Sub-17 (21 general).<\/p>\n<p><strong>Altres resultats d\u2019El Bal\u00eds:<\/strong><br \/>\n19) Sigfrid Rovira y Cris Cort\u00e9s<br \/>\n45) Lola Gim\u00e9nez y Martina Casa\u00f1\u00e9<br \/>\n49) Pau Llibre y Carlos Calic\u00f3 (1eros del Plata)<br \/>\n62) Carlos Insa y Lucy Brugman<br \/>\n68) Loick Carrere y Jaume Alcover<\/p>\n\n","protected":false},"excerpt":{"rendered":"<p>L&#8217;equip format per Nacho D\u00e1vila i Javi Mestre, regatistes del CN El Bal\u00eds, es proclamen subcampions absoluts i Sub-19 de la classe 420 a la Copa d&#8217;Espanya disputada, de l&#8217;1 al 4 de novembre, a San Sebasti\u00e0, Pa\u00eds Basc. El campionat, al que hi han assistit un total de 96 regatistes i 24 entrenadors, va [&hellip;]<\/p>\n","protected":false},"author":1,"featured_media":0,"comment_status":"open","ping_status":"open","sticky":false,"template":"","format":"standard","meta":{"footnotes":""},"categories":[782,23],"tags":[131,113,114,79,1693,76,728,1697,52],"class_list":["post-29135","post","type-post","status-publish","format-standard","hentry","category-esport","category-vela","tag-131","tag-copa","tag-espana","tag-espanya","tag-pasis-basc","tag-regata","tag-san","tag-sebastian","tag-vela"],"acf":[],"_links":{"self":[{"href":"https:\/\/www.cnelbalis.com\/ca\/wp-json\/wp\/v2\/posts\/29135","targetHints":{"allow":["GET"]}}],"collection":[{"href":"https:\/\/www.cnelbalis.com\/ca\/wp-json\/wp\/v2\/posts"}],"about":[{"href":"https:\/\/www.cnelbalis.com\/ca\/wp-json\/wp\/v2\/types\/post"}],"author":[{"embeddable":true,"href":"https:\/\/www.cnelbalis.com\/ca\/wp-json\/wp\/v2\/users\/1"}],"replies":[{"embeddable":true,"href":"https:\/\/www.cnelbalis.com\/ca\/wp-json\/wp\/v2\/comments?post=29135"}],"version-history":[{"count":1,"href":"https:\/\/www.cnelbalis.com\/ca\/wp-json\/wp\/v2\/posts\/29135\/revisions"}],"predecessor-version":[{"id":31117,"href":"https:\/\/www.cnelbalis.com\/ca\/wp-json\/wp\/v2\/posts\/29135\/revisions\/31117"}],"wp:attachment":[{"href":"https:\/\/www.cnelbalis.com\/ca\/wp-json\/wp\/v2\/media?parent=29135"}],"wp:term":[{"taxonomy":"category","embeddable":true,"href":"https:\/\/www.cnelbalis.com\/ca\/wp-json\/wp\/v2\/categories?post=29135"},{"taxonomy":"post_tag","embeddable":true,"href":"https:\/\/www.cnelbalis.com\/ca\/wp-json\/wp\/v2\/tags?post=29135"}],"curies":[{"name":"wp","href":"https:\/\/api.w.org\/{rel}","templated":true}]}}