{"id":29127,"date":"2018-10-15T13:05:06","date_gmt":"2018-10-15T11:05:06","guid":{"rendered":"https:\/\/club.cnelbalis.com\/riquelme-i-perez-campions-del-n2-de-420\/"},"modified":"2022-06-24T08:59:48","modified_gmt":"2022-06-24T06:59:48","slug":"riquelme-i-perez-campions-del-n2-de-420","status":"publish","type":"post","link":"https:\/\/www.cnelbalis.com\/ca\/riquelme-i-perez-campions-del-n2-de-420\/","title":{"rendered":"Riquelme i P\u00e9rez, campions del N2 de 420"},"content":{"rendered":"<p>Aquest cap de setmana, 13 i 14 d&#8217;octubre, s&#8217;ha celebrat al CN El Bal\u00eds el N2 de 420, regata pr\u00e8via a la Copa d&#8217;Espanya que se celebrar\u00e0 entre l&#8217;1 i 4 de novembre a Reial Club N\u00e0utic de Sant Sebasti\u00e0.<br \/>\nLes condicions meteorol\u00f2giques de dissabte no van permetre realitzar cap prova, \u00e9s per aquest motiu, que diumenge, el Comit\u00e8 de Regates, va decidir avan\u00e7ar l&#8217;hora de la primera prova i es van celebrar un total de 3. Les condicions del diumenge van ser immillorables; vent constant de 160 graus amb una intensitat entre 8 i 12 nusos.<\/p>\n<p><strong>Podi:<\/strong><\/p>\n<p>1) Tatan Riquelme i Miquel P\u00e9rez (1 Sub 17 i 1 Sub 19) (CN El Bal\u00eds)<br \/>\n2) Lucas i Teo Par\u00e9s<br \/>\n3) Miquel Baena (CNV) i Luca V\u00e1zquez (RCNT)<br \/>\n1es f\u00e9minas) Lola Gim\u00e9nez i Martina Casa\u00f1\u00e9 (CN El Bal\u00eds)<\/p>\n<p><strong>Resultados regatistes del Bal\u00eds:<\/strong><br \/>\n1) Tatan Riquelme i Miquel P\u00e9rez (1 Sub 17 i 1 Sub 19)<br \/>\n4) Nacho Davila i Javi Mestre<br \/>\n6) Edu i Bernat Ferrer<br \/>\n7) Sigfrid Rovira i Cris Cort\u00e9s<br \/>\n11) Pau llibre i Carlos Calic\u00f3<br \/>\n13) Gabi Cortes y Ignacio Marti<br \/>\n16) Carlos Insa i Max Urquizu<br \/>\n17) Lola Gim\u00e9nez i Martina Casa\u00f1\u00e9 (1es feminas)<br \/>\n18) Loick Carrere i Jaume Alcover<\/p>\n\n","protected":false},"excerpt":{"rendered":"<p>Aquest cap de setmana, 13 i 14 d&#8217;octubre, s&#8217;ha celebrat al CN El Bal\u00eds el N2 de 420, regata pr\u00e8via a la Copa d&#8217;Espanya que se celebrar\u00e0 entre l&#8217;1 i 4 de novembre a Reial Club N\u00e0utic de Sant Sebasti\u00e0. Les condicions meteorol\u00f2giques de dissabte no van permetre realitzar cap prova, \u00e9s per aquest motiu, [&hellip;]<\/p>\n","protected":false},"author":1,"featured_media":0,"comment_status":"open","ping_status":"open","sticky":false,"template":"","format":"standard","meta":{"footnotes":""},"categories":[783,782,23],"tags":[131,65,335],"class_list":["post-29127","post","type-post","status-publish","format-standard","hentry","category-escola","category-esport","category-vela","tag-131","tag-balis","tag-n2"],"acf":[],"_links":{"self":[{"href":"https:\/\/www.cnelbalis.com\/ca\/wp-json\/wp\/v2\/posts\/29127","targetHints":{"allow":["GET"]}}],"collection":[{"href":"https:\/\/www.cnelbalis.com\/ca\/wp-json\/wp\/v2\/posts"}],"about":[{"href":"https:\/\/www.cnelbalis.com\/ca\/wp-json\/wp\/v2\/types\/post"}],"author":[{"embeddable":true,"href":"https:\/\/www.cnelbalis.com\/ca\/wp-json\/wp\/v2\/users\/1"}],"replies":[{"embeddable":true,"href":"https:\/\/www.cnelbalis.com\/ca\/wp-json\/wp\/v2\/comments?post=29127"}],"version-history":[{"count":1,"href":"https:\/\/www.cnelbalis.com\/ca\/wp-json\/wp\/v2\/posts\/29127\/revisions"}],"predecessor-version":[{"id":31109,"href":"https:\/\/www.cnelbalis.com\/ca\/wp-json\/wp\/v2\/posts\/29127\/revisions\/31109"}],"wp:attachment":[{"href":"https:\/\/www.cnelbalis.com\/ca\/wp-json\/wp\/v2\/media?parent=29127"}],"wp:term":[{"taxonomy":"category","embeddable":true,"href":"https:\/\/www.cnelbalis.com\/ca\/wp-json\/wp\/v2\/categories?post=29127"},{"taxonomy":"post_tag","embeddable":true,"href":"https:\/\/www.cnelbalis.com\/ca\/wp-json\/wp\/v2\/tags?post=29127"}],"curies":[{"name":"wp","href":"https:\/\/api.w.org\/{rel}","templated":true}]}}