{"id":29065,"date":"2018-05-21T15:47:12","date_gmt":"2018-05-21T13:47:12","guid":{"rendered":"https:\/\/club.cnelbalis.com\/tercera-prova-de-catalunya-de-motos-aquatiques\/"},"modified":"2022-06-24T08:59:29","modified_gmt":"2022-06-24T06:59:29","slug":"tercera-prova-de-catalunya-de-motos-aquatiques","status":"publish","type":"post","link":"https:\/\/www.cnelbalis.com\/ca\/tercera-prova-de-catalunya-de-motos-aquatiques\/","title":{"rendered":"Tercera prova de Catalunya de motos aqu\u00e0tiques"},"content":{"rendered":"<p><img loading=\"lazy\" decoding=\"async\" class=\"alignleft wp-image-13682\" src=\"https:\/\/www.cnelbalis.com\/wp-content\/uploads\/vj-w\/-i\/IMG_0865-c-1024x683.jpg\" alt=\"\" width=\"333\" height=\"222\" \/>El passat dissabte dia 19 de maig va tenir lloc a Cambrils (Baix Camp) la tercera regata puntuable pel Campionat de Catalunya de Motos Aqu\u00e0tiques 2018, sota l\u2019organitzaci\u00f3 de la Federaci\u00f3 Catalana de Moton\u00e0utica i el Club N\u00e0utic Cambrils, amb el suport de Caves Masachs.<\/p>\n<p>La competici\u00f3 estava convocada nom\u00e9s per a categories de conducci\u00f3 dempeus, concretament GP3 i F4, aquesta darrera reservada a pilots sense palmar\u00e8s. Es van disputar tres m\u00e0negues per a cadascuna de les dues categories, amb una durada d\u2019onze minuts m\u00e9s una volta.<\/p>\n<p>A difer\u00e8ncia del succe\u00eft en anys anteriors, en aquesta ocasi\u00f3 Cambrils va rebre als participants amb un mar totalment en calma, la qual cosa va permetre de disputar la regata sense cap inconvenient produ\u00eft per la meteorologia, assolint els pilots elevades velocitats.<\/p>\n<p>A la categoria F4 Genis Vilalta no va tenir rival i va guanyar les tres m\u00e0negues amb autoritat. Si no hi ha entrebancs ser\u00e0 el nou campi\u00f3 de la categoria, de manera que l\u2019\u00fanica inc\u00f2gnita hores d\u2019ara \u00e9s saber que ser\u00e0 el segon, honor que es disputen sistem\u00e0ticament Jordi Gonz\u00e1lez i Carlos Hidalgo, que van ser segon i tercer, respectivament, ambd\u00f3s del CN El Bal\u00eds.<\/p>\n<p>En canvi, la categoria GP3 va ser mot disputada. Roger Pujol va creuar la l\u00ednea de meta el primer a la primera m\u00e0nega, per\u00f2 s\u2019havia salta varies boies i va caure fins a la setena posici\u00f3. Jordi Tom\u00e1s va ser el guanyador i Denis Munnikhuis el segon. La segona m\u00e0nega es va resoldre amb Tom\u00e1s de nou primer, seguit de Pujol i del j\u00fanior Joan Sevil, per\u00f2 la tercera m\u00e0nega va ser de les que fan afici\u00f3. Digne de ser retransmesa per televisi\u00f3.<\/p>\n<p>Sevil va sortir primer i Roger Pujol se li va enganxar a la popa tota la regata, perseguits tots dos per Tom\u00e1s. Fruit d\u2019aquest \u00edmpetu Pujol es va saltar una boia i va tenir que perdre temps dirigint-se a la reglamentada boia de recuperaci\u00f3, moment que va aprofitar Tom\u00e1s per avan\u00e7ar-lo, per\u00f2 tamb\u00e9 Tom\u00e1s en va saltar una boia poc despr\u00e9s i Pujol va recuperar la segona posici\u00f3, mentre que Sevil conservava el cap de la cursa fins al final de la m\u00e0nega, la qual cosa li va suposar pujar al segon gra\u00f3 del podi de la regata i conservar la tercera posici\u00f3 a la classificaci\u00f3 general provisional.<br \/>\nLa propera regata est\u00e0 prevista al C\u00e0mping El Delfin Verde de L\u2019Estartit (Baix Empord\u00e0) el dissabte 26 de maig.<\/p>\n<p>Classificaci\u00f3 general provisional<br \/>\nCategoria F4<br \/>\n1er. Genis Vilalta. Club N\u00e0utic B\u00e9tulo. 220 punts<br \/>\n2n. Jordi Gonz\u00e1lez. Club N\u00e0utic El Bal\u00eds. 161 punts.<br \/>\n3er. Carlos Hidalgo. Club N\u00e0utic El Bal\u00eds. 145 punts.<\/p>\n<p>Categoria GP3<br \/>\n1er. Jordi Tom\u00e1s. Moton\u00e0utic Club Amposta. 194 punts.<br \/>\n2on. Roger Pujol. Federaci\u00f3 Catalana de Moton\u00e0utica. 174 punts.<br \/>\n3er. Joan Sevil. Moton\u00e0utic Club Amposta. 137 punts.<\/p>\n","protected":false},"excerpt":{"rendered":"<p>El passat dissabte dia 19 de maig va tenir lloc a Cambrils (Baix Camp) la tercera regata puntuable pel Campionat de Catalunya de Motos Aqu\u00e0tiques 2018, sota l\u2019organitzaci\u00f3 de la Federaci\u00f3 Catalana de Moton\u00e0utica i el Club N\u00e0utic Cambrils, amb el suport de Caves Masachs. La competici\u00f3 estava convocada nom\u00e9s per a categories de conducci\u00f3 [&hellip;]<\/p>\n","protected":false},"author":1,"featured_media":0,"comment_status":"open","ping_status":"open","sticky":false,"template":"","format":"standard","meta":{"footnotes":""},"categories":[782,23],"tags":[289,274],"class_list":["post-29065","post","type-post","status-publish","format-standard","hentry","category-esport","category-vela","tag-aquatiques","tag-motos"],"acf":[],"_links":{"self":[{"href":"https:\/\/www.cnelbalis.com\/ca\/wp-json\/wp\/v2\/posts\/29065","targetHints":{"allow":["GET"]}}],"collection":[{"href":"https:\/\/www.cnelbalis.com\/ca\/wp-json\/wp\/v2\/posts"}],"about":[{"href":"https:\/\/www.cnelbalis.com\/ca\/wp-json\/wp\/v2\/types\/post"}],"author":[{"embeddable":true,"href":"https:\/\/www.cnelbalis.com\/ca\/wp-json\/wp\/v2\/users\/1"}],"replies":[{"embeddable":true,"href":"https:\/\/www.cnelbalis.com\/ca\/wp-json\/wp\/v2\/comments?post=29065"}],"version-history":[{"count":1,"href":"https:\/\/www.cnelbalis.com\/ca\/wp-json\/wp\/v2\/posts\/29065\/revisions"}],"predecessor-version":[{"id":31051,"href":"https:\/\/www.cnelbalis.com\/ca\/wp-json\/wp\/v2\/posts\/29065\/revisions\/31051"}],"wp:attachment":[{"href":"https:\/\/www.cnelbalis.com\/ca\/wp-json\/wp\/v2\/media?parent=29065"}],"wp:term":[{"taxonomy":"category","embeddable":true,"href":"https:\/\/www.cnelbalis.com\/ca\/wp-json\/wp\/v2\/categories?post=29065"},{"taxonomy":"post_tag","embeddable":true,"href":"https:\/\/www.cnelbalis.com\/ca\/wp-json\/wp\/v2\/tags?post=29065"}],"curies":[{"name":"wp","href":"https:\/\/api.w.org\/{rel}","templated":true}]}}