{"id":29037,"date":"2018-04-03T11:27:52","date_gmt":"2018-04-03T09:27:52","guid":{"rendered":"https:\/\/club.cnelbalis.com\/els-germans-gelpi-3rs-al-campionat-despanya-de-29er\/"},"modified":"2022-06-24T08:59:17","modified_gmt":"2022-06-24T06:59:17","slug":"els-germans-gelpi-3rs-al-campionat-despanya-de-29er","status":"publish","type":"post","link":"https:\/\/www.cnelbalis.com\/ca\/els-germans-gelpi-3rs-al-campionat-despanya-de-29er\/","title":{"rendered":"Els germans Gelp\u00ed, 3rs al Campionat d\u2019Espanya de 29er"},"content":{"rendered":"<p>Del 23 al 27 de mar\u00e7 s\u2019ha celebrat en aig\u00fces del Garraf el Campionat d\u2019Espanya de la classe 29er, amb la participaci\u00f3 de 12 equips d\u2019arreu de l\u2019estat espanyol. El campionat, organitzat pel Club N\u00e0utic el Garraf, ha estat marcat durant les dues primeres jornades per unes dif\u00edcils condicions meteorol\u00f2giques on la manca de vent no han perm\u00e8s la sortida dels regatistes a l\u2019aigua. A partir d\u2019aleshores, la climatologia ha estat ben\u00e8vola amb els esportistes i s\u2019han pogut disputar la resta de jornades.<\/p>\n<p>L\u2019equip format per l\u2019Arnau i l\u2019Albert Gelp\u00ed ha pujat al podi absolut amb una merit\u00f2ria i merescuda 3a posici\u00f3.<\/p>\n<p>Cal destacar que, tot i les dif\u00edcils condicions amb les que s\u2019han trobat els regatistes, l\u2019organitzaci\u00f3 del Club N\u00e0utic Garraf ha estat, en tot moment, impecable.<\/p>\n\n","protected":false},"excerpt":{"rendered":"<p>Del 23 al 27 de mar\u00e7 s\u2019ha celebrat en aig\u00fces del Garraf el Campionat d\u2019Espanya de la classe 29er, amb la participaci\u00f3 de 12 equips d\u2019arreu de l\u2019estat espanyol. El campionat, organitzat pel Club N\u00e0utic el Garraf, ha estat marcat durant les dues primeres jornades per unes dif\u00edcils condicions meteorol\u00f2giques on la manca de vent [&hellip;]<\/p>\n","protected":false},"author":1,"featured_media":0,"comment_status":"open","ping_status":"open","sticky":false,"template":"","format":"standard","meta":{"footnotes":""},"categories":[23],"tags":[110,66,79,1480,52],"class_list":["post-29037","post","type-post","status-publish","format-standard","hentry","category-vela","tag-29er","tag-campionat","tag-espanya","tag-garraf","tag-vela"],"acf":[],"_links":{"self":[{"href":"https:\/\/www.cnelbalis.com\/ca\/wp-json\/wp\/v2\/posts\/29037","targetHints":{"allow":["GET"]}}],"collection":[{"href":"https:\/\/www.cnelbalis.com\/ca\/wp-json\/wp\/v2\/posts"}],"about":[{"href":"https:\/\/www.cnelbalis.com\/ca\/wp-json\/wp\/v2\/types\/post"}],"author":[{"embeddable":true,"href":"https:\/\/www.cnelbalis.com\/ca\/wp-json\/wp\/v2\/users\/1"}],"replies":[{"embeddable":true,"href":"https:\/\/www.cnelbalis.com\/ca\/wp-json\/wp\/v2\/comments?post=29037"}],"version-history":[{"count":1,"href":"https:\/\/www.cnelbalis.com\/ca\/wp-json\/wp\/v2\/posts\/29037\/revisions"}],"predecessor-version":[{"id":31025,"href":"https:\/\/www.cnelbalis.com\/ca\/wp-json\/wp\/v2\/posts\/29037\/revisions\/31025"}],"wp:attachment":[{"href":"https:\/\/www.cnelbalis.com\/ca\/wp-json\/wp\/v2\/media?parent=29037"}],"wp:term":[{"taxonomy":"category","embeddable":true,"href":"https:\/\/www.cnelbalis.com\/ca\/wp-json\/wp\/v2\/categories?post=29037"},{"taxonomy":"post_tag","embeddable":true,"href":"https:\/\/www.cnelbalis.com\/ca\/wp-json\/wp\/v2\/tags?post=29037"}],"curies":[{"name":"wp","href":"https:\/\/api.w.org\/{rel}","templated":true}]}}