{"id":29036,"date":"2018-04-03T11:16:35","date_gmt":"2018-04-03T09:16:35","guid":{"rendered":"https:\/\/club.cnelbalis.com\/els-europes-i-optimist-al-xx-torbole-europe-meeting-a-lago-di-garda\/"},"modified":"2022-06-24T08:59:17","modified_gmt":"2022-06-24T06:59:17","slug":"els-europes-i-optimist-al-xx-torbole-europe-meeting-a-lago-di-garda","status":"publish","type":"post","link":"https:\/\/www.cnelbalis.com\/ca\/els-europes-i-optimist-al-xx-torbole-europe-meeting-a-lago-di-garda\/","title":{"rendered":"Els Europes i Optimist al XX Torbole Europe Meeting a Lago di Garda"},"content":{"rendered":"<p>Grans resultats dels nostres regatistes de la classe Europa al 20\u00e8 meeting de la classe Europa a Torbole (It\u00e0lia).<\/p>\n<p>Rafa Rabasa ha finalitzat 14\u00e8 a la general, en Marc Tello 20\u00e8, amb un 1er com a millor parcial, i un molt meritori 40\u00e8 lloc final d\u2019en Joan Freixa d\u2019un total de 140 embarcacions.<\/p>\n<p>Ha estat un campionat amb unes excel\u00b7lents condicions de vent d\u2019entre 10 i 22 nusos de component Sud, perfectes per entrenar amb els millors regatistes del m\u00f3n al mateix escenari on es disputar\u00e0 el proper Europeu Juvenil, on la nostra flota hi ser\u00e0 representada per 8 o 9 regatistes.<\/p>\n<p>La propera cita important ser\u00e0 la Copa d\u2019Espanya a Blanes que es disputar\u00e0 durant el pont de maig, i on s\u2019acabaran de decidir les places per Europeu juvenil i Mundial.<\/p>\n<p>Aix\u00ed mateix, Ale Riquelme va aconseguir bons resultats amb un \u00faltim dia excepcional amb parcials de 6-4-2. Ha finalitzat 28\u00e8 de la general d\u2019un total de 1050 regatistes de tot el m\u00f3n.<\/p>\n<p>A m\u00e9s a m\u00e9s, una gran experi\u00e8ncia per la Martina i Jana Rahola, que han competit en la categoria Cadetti, entre m\u00e9s de 300 regatistes. La Martina va finalitzar 125a de l\u2019Or i la Jana 84a del Plata.<\/p>\n\n","protected":false},"excerpt":{"rendered":"<p>Grans resultats dels nostres regatistes de la classe Europa al 20\u00e8 meeting de la classe Europa a Torbole (It\u00e0lia). Rafa Rabasa ha finalitzat 14\u00e8 a la general, en Marc Tello 20\u00e8, amb un 1er com a millor parcial, i un molt meritori 40\u00e8 lloc final d\u2019en Joan Freixa d\u2019un total de 140 embarcacions. Ha estat [&hellip;]<\/p>\n","protected":false},"author":1,"featured_media":0,"comment_status":"open","ping_status":"open","sticky":false,"template":"","format":"standard","meta":{"footnotes":""},"categories":[23],"tags":[80,1474,1475,32,52],"class_list":["post-29036","post","type-post","status-publish","format-standard","hentry","category-vela","tag-europe","tag-garda","tag-meeting","tag-optimist","tag-vela"],"acf":[],"_links":{"self":[{"href":"https:\/\/www.cnelbalis.com\/ca\/wp-json\/wp\/v2\/posts\/29036","targetHints":{"allow":["GET"]}}],"collection":[{"href":"https:\/\/www.cnelbalis.com\/ca\/wp-json\/wp\/v2\/posts"}],"about":[{"href":"https:\/\/www.cnelbalis.com\/ca\/wp-json\/wp\/v2\/types\/post"}],"author":[{"embeddable":true,"href":"https:\/\/www.cnelbalis.com\/ca\/wp-json\/wp\/v2\/users\/1"}],"replies":[{"embeddable":true,"href":"https:\/\/www.cnelbalis.com\/ca\/wp-json\/wp\/v2\/comments?post=29036"}],"version-history":[{"count":1,"href":"https:\/\/www.cnelbalis.com\/ca\/wp-json\/wp\/v2\/posts\/29036\/revisions"}],"predecessor-version":[{"id":31024,"href":"https:\/\/www.cnelbalis.com\/ca\/wp-json\/wp\/v2\/posts\/29036\/revisions\/31024"}],"wp:attachment":[{"href":"https:\/\/www.cnelbalis.com\/ca\/wp-json\/wp\/v2\/media?parent=29036"}],"wp:term":[{"taxonomy":"category","embeddable":true,"href":"https:\/\/www.cnelbalis.com\/ca\/wp-json\/wp\/v2\/categories?post=29036"},{"taxonomy":"post_tag","embeddable":true,"href":"https:\/\/www.cnelbalis.com\/ca\/wp-json\/wp\/v2\/tags?post=29036"}],"curies":[{"name":"wp","href":"https:\/\/api.w.org\/{rel}","templated":true}]}}