{"id":29025,"date":"2018-03-05T11:54:56","date_gmt":"2018-03-05T10:54:56","guid":{"rendered":"https:\/\/club.cnelbalis.com\/regatistes-del-balis-a-la-seleccio-catalana-doptimist-pel-campionat-despanya\/"},"modified":"2022-06-24T08:59:17","modified_gmt":"2022-06-24T06:59:17","slug":"regatistes-del-balis-a-la-seleccio-catalana-doptimist-pel-campionat-despanya","status":"publish","type":"post","link":"https:\/\/www.cnelbalis.com\/ca\/regatistes-del-balis-a-la-seleccio-catalana-doptimist-pel-campionat-despanya\/","title":{"rendered":"Regatistes d\u2019El Bal\u00eds, a la selecci\u00f3 catalana d\u2019Optimist pel Campionat d\u2019Espanya"},"content":{"rendered":"<p>Aquest cap de setmana s\u2019ha celebrat l&#8217;\u00faltima prova del circuit d\u2019Optimist de Catalunya en aig\u00fces de la Costa Daurada. El Trofeu Veles i Vent, de nivell 2 i organitzat pel Club N\u00e0utic Salou, ha servit per definir la selecci\u00f3 catalana que participar\u00e0 en el Campionat d\u2019Espanya de la classe Optimist, que es celebrar\u00e0 del 28 de mar\u00e7 a l\u20191 d\u2019abril al Club N\u00e0utic Cambrils. A la regata hi han participat 135 regatistes arribats de tot el litoral catal\u00e0. Durant la primera jornada es van disputar 6 proves i, a causa de la poca intensitat i la variabilitat del vent, durant la segona jornada no es va celebrar cap prova.<\/p>\n<p>Els seleccionats que formaran l\u2019<strong>equip catal\u00e0 i que representaran al Campionat d\u2019Espanya<\/strong> s\u00f3n: Jaume Alcover, Alejandro de Maqua i Pau Llibre.<\/p>\n<p>A m\u00e9s a m\u00e9s, el Grup 1 i el Grup 2 han celebrat l\u2019\u00faltima regata <strong>Nivell 2<\/strong> de la temporada. Dissabte cada grup va realitzar 3 proves amb un vent molt irregular d&#8217;entre 5 i 15 nusos i diumenge, tot i els intents, no es va poder realitzar cap prova.<\/p>\n<p><strong>Exitosos resultats<\/strong> pels regatistes d\u2019El Bal\u00eds. Jaume Alcover es va emportar l\u2019or de la general del G1 i Alejandro de Maqua la plata. El bronze de la categoria B del grup 2 va ser per Alberto Marsans.<\/p>\n<p>Enhorabona!<\/p>\n<p>Els resultats dels nostres regatistes a la N2 s\u00f3n:<br \/>\n<em>Grup 1<\/em><br \/>\n1. Jaume Alcover<br \/>\n2. Alejandro de Maqua<br \/>\n21. Pau Llibre<br \/>\n27. Gerard P\u00e9rez<br \/>\n<em>Grup 2<\/em><br \/>\n4. Alberto Marsans<br \/>\n5. Gonzalo Ferrando<br \/>\n36. Jana Rahola<br \/>\n37. Martina Rahola<br \/>\n45. Alejandro Fargas<br \/>\n56. Jinlimg Belenguer<br \/>\n61. Lola Costa<\/p>\n\n","protected":false},"excerpt":{"rendered":"<p>Aquest cap de setmana s\u2019ha celebrat l&#8217;\u00faltima prova del circuit d\u2019Optimist de Catalunya en aig\u00fces de la Costa Daurada. El Trofeu Veles i Vent, de nivell 2 i organitzat pel Club N\u00e0utic Salou, ha servit per definir la selecci\u00f3 catalana que participar\u00e0 en el Campionat d\u2019Espanya de la classe Optimist, que es celebrar\u00e0 del 28 [&hellip;]<\/p>\n","protected":false},"author":1,"featured_media":0,"comment_status":"open","ping_status":"open","sticky":false,"template":"","format":"standard","meta":{"footnotes":""},"categories":[23],"tags":[65,1452,335,32,52],"class_list":["post-29025","post","type-post","status-publish","format-standard","hentry","category-vela","tag-balis","tag-campionat-espana","tag-n2","tag-optimist","tag-vela"],"acf":[],"_links":{"self":[{"href":"https:\/\/www.cnelbalis.com\/ca\/wp-json\/wp\/v2\/posts\/29025","targetHints":{"allow":["GET"]}}],"collection":[{"href":"https:\/\/www.cnelbalis.com\/ca\/wp-json\/wp\/v2\/posts"}],"about":[{"href":"https:\/\/www.cnelbalis.com\/ca\/wp-json\/wp\/v2\/types\/post"}],"author":[{"embeddable":true,"href":"https:\/\/www.cnelbalis.com\/ca\/wp-json\/wp\/v2\/users\/1"}],"replies":[{"embeddable":true,"href":"https:\/\/www.cnelbalis.com\/ca\/wp-json\/wp\/v2\/comments?post=29025"}],"version-history":[{"count":1,"href":"https:\/\/www.cnelbalis.com\/ca\/wp-json\/wp\/v2\/posts\/29025\/revisions"}],"predecessor-version":[{"id":31013,"href":"https:\/\/www.cnelbalis.com\/ca\/wp-json\/wp\/v2\/posts\/29025\/revisions\/31013"}],"wp:attachment":[{"href":"https:\/\/www.cnelbalis.com\/ca\/wp-json\/wp\/v2\/media?parent=29025"}],"wp:term":[{"taxonomy":"category","embeddable":true,"href":"https:\/\/www.cnelbalis.com\/ca\/wp-json\/wp\/v2\/categories?post=29025"},{"taxonomy":"post_tag","embeddable":true,"href":"https:\/\/www.cnelbalis.com\/ca\/wp-json\/wp\/v2\/tags?post=29025"}],"curies":[{"name":"wp","href":"https:\/\/api.w.org\/{rel}","templated":true}]}}