{"id":29022,"date":"2018-03-02T15:09:10","date_gmt":"2018-03-02T14:09:10","guid":{"rendered":"https:\/\/club.cnelbalis.com\/part-de-la-flota-del-balis-a-la-palamos-optimist-trophy-13-nations-cup\/"},"modified":"2022-06-24T08:59:17","modified_gmt":"2022-06-24T06:59:17","slug":"part-de-la-flota-del-balis-a-la-palamos-optimist-trophy-13-nations-cup","status":"publish","type":"post","link":"https:\/\/www.cnelbalis.com\/ca\/part-de-la-flota-del-balis-a-la-palamos-optimist-trophy-13-nations-cup\/","title":{"rendered":"Part de la flota d\u2019El Bal\u00eds, a la Palam\u00f3s Optimist Trophy-13 Nations Cup"},"content":{"rendered":"<p>La 29\u00aa edici\u00f3 de la Palam\u00f3s Optimist Trophy-13 Nations Cup es va celebrar del 15 al 18 de febrer en aig\u00fces de la badia de Palam\u00f3s, on han participat 551 regatistes de 30 pa\u00efsos.<\/p>\n<p>Part de la flota d\u2019Optimist d\u2019El Bal\u00eds, Ale Riquelme, Jaume Alcover, Tano de Maqua, Pau Llibre, Gerard P\u00e9rez, Gonzalo Ferrando, Guim Carulla i Alberto Marsans, van participar en una setmana meteorol\u00f2gicament complicada.<\/p>\n<p>Durant les tres primeres jornades va haver un vent molt fluix. Dos dels grups van poder disputar dues m\u00e0negues i els altres tres, una. Aix\u00f2 va provocar que el diumenge, \u00faltima jornada, fos decisiva.<\/p>\n\n","protected":false},"excerpt":{"rendered":"<p>La 29\u00aa edici\u00f3 de la Palam\u00f3s Optimist Trophy-13 Nations Cup es va celebrar del 15 al 18 de febrer en aig\u00fces de la badia de Palam\u00f3s, on han participat 551 regatistes de 30 pa\u00efsos. Part de la flota d\u2019Optimist d\u2019El Bal\u00eds, Ale Riquelme, Jaume Alcover, Tano de Maqua, Pau Llibre, Gerard P\u00e9rez, Gonzalo Ferrando, Guim [&hellip;]<\/p>\n","protected":false},"author":1,"featured_media":0,"comment_status":"open","ping_status":"open","sticky":false,"template":"","format":"standard","meta":{"footnotes":""},"categories":[23],"tags":[32,506,159],"class_list":["post-29022","post","type-post","status-publish","format-standard","hentry","category-vela","tag-optimist","tag-palamos","tag-trophy"],"acf":[],"_links":{"self":[{"href":"https:\/\/www.cnelbalis.com\/ca\/wp-json\/wp\/v2\/posts\/29022","targetHints":{"allow":["GET"]}}],"collection":[{"href":"https:\/\/www.cnelbalis.com\/ca\/wp-json\/wp\/v2\/posts"}],"about":[{"href":"https:\/\/www.cnelbalis.com\/ca\/wp-json\/wp\/v2\/types\/post"}],"author":[{"embeddable":true,"href":"https:\/\/www.cnelbalis.com\/ca\/wp-json\/wp\/v2\/users\/1"}],"replies":[{"embeddable":true,"href":"https:\/\/www.cnelbalis.com\/ca\/wp-json\/wp\/v2\/comments?post=29022"}],"version-history":[{"count":1,"href":"https:\/\/www.cnelbalis.com\/ca\/wp-json\/wp\/v2\/posts\/29022\/revisions"}],"predecessor-version":[{"id":31010,"href":"https:\/\/www.cnelbalis.com\/ca\/wp-json\/wp\/v2\/posts\/29022\/revisions\/31010"}],"wp:attachment":[{"href":"https:\/\/www.cnelbalis.com\/ca\/wp-json\/wp\/v2\/media?parent=29022"}],"wp:term":[{"taxonomy":"category","embeddable":true,"href":"https:\/\/www.cnelbalis.com\/ca\/wp-json\/wp\/v2\/categories?post=29022"},{"taxonomy":"post_tag","embeddable":true,"href":"https:\/\/www.cnelbalis.com\/ca\/wp-json\/wp\/v2\/tags?post=29022"}],"curies":[{"name":"wp","href":"https:\/\/api.w.org\/{rel}","templated":true}]}}