{"id":29010,"date":"2018-02-08T15:29:03","date_gmt":"2018-02-08T14:29:03","guid":{"rendered":"https:\/\/club.cnelbalis.com\/curs-oficial-de-regates-autonomic\/"},"modified":"2022-06-24T08:59:11","modified_gmt":"2022-06-24T06:59:11","slug":"curs-oficial-de-regates-autonomic","status":"publish","type":"post","link":"https:\/\/www.cnelbalis.com\/ca\/curs-oficial-de-regates-autonomic\/","title":{"rendered":"Curs oficial de regates auton\u00f2mic"},"content":{"rendered":"<p><img loading=\"lazy\" decoding=\"async\" class=\"alignleft  wp-image-12764\" src=\"https:\/\/www.cnelbalis.com\/wp-content\/uploads\/vj-w\/-i\/jutge.jpg\" alt=\"\" width=\"346\" height=\"180\" \/>El comit\u00e8 catal\u00e0 de jutges i oficials de regata de la Federaci\u00f3 Catalana de Vela convoca un curs oficial de regates al CN El Bal\u00eds. El cap de setmana del<strong> 10 i 11 de mar\u00e7<\/strong> \u00e9s la convocat\u00f2ria per a tots aquells interessats en adquirir coneixements te\u00f2rics i pr\u00e0ctics necessaris per l&#8217;organitzaci\u00f3 i direcci\u00f3 d&#8217;una regata d&#8217;un propi club. Est\u00e0 dirigit a persones d&#8217;ambd\u00f3s sexes amb bons coneixements de la navegaci\u00f3 i de les regates.<\/p>\n<p>Per aplicar-hi \u00e9s imprescindible, per\u00f2, ser major de 18 anys, disposar una titulaci\u00f3 n\u00e0utica a motor, tenir experi\u00e8ncia en navegaci\u00f3, assistir a les classes un m\u00ednim d\u2019un 80% del curs, superar l\u2019examen final i realitzar totes les cinc pr\u00e0ctiques establertes en regates.<\/p>\n<p>Si esteu interessats, no dubteu en posar-vos en contacte amb el Club, <a href=\"mailto:info@cnelbalis,com\">aqu\u00ed<\/a><\/p>\n","protected":false},"excerpt":{"rendered":"<p>El comit\u00e8 catal\u00e0 de jutges i oficials de regata de la Federaci\u00f3 Catalana de Vela convoca un curs oficial de regates al CN El Bal\u00eds. El cap de setmana del 10 i 11 de mar\u00e7 \u00e9s la convocat\u00f2ria per a tots aquells interessats en adquirir coneixements te\u00f2rics i pr\u00e0ctics necessaris per l&#8217;organitzaci\u00f3 i direcci\u00f3 d&#8217;una [&hellip;]<\/p>\n","protected":false},"author":1,"featured_media":3665,"comment_status":"open","ping_status":"open","sticky":false,"template":"","format":"standard","meta":{"footnotes":""},"categories":[783,782,785,23],"tags":[344,718,348,1407,128,76,52],"class_list":["post-29010","post","type-post","status-publish","format-standard","has-post-thumbnail","hentry","category-escola","category-esport","category-port","category-vela","tag-catalana","tag-curs","tag-federacio","tag-jutges","tag-oficial","tag-regata","tag-vela"],"acf":[],"_links":{"self":[{"href":"https:\/\/www.cnelbalis.com\/ca\/wp-json\/wp\/v2\/posts\/29010","targetHints":{"allow":["GET"]}}],"collection":[{"href":"https:\/\/www.cnelbalis.com\/ca\/wp-json\/wp\/v2\/posts"}],"about":[{"href":"https:\/\/www.cnelbalis.com\/ca\/wp-json\/wp\/v2\/types\/post"}],"author":[{"embeddable":true,"href":"https:\/\/www.cnelbalis.com\/ca\/wp-json\/wp\/v2\/users\/1"}],"replies":[{"embeddable":true,"href":"https:\/\/www.cnelbalis.com\/ca\/wp-json\/wp\/v2\/comments?post=29010"}],"version-history":[{"count":1,"href":"https:\/\/www.cnelbalis.com\/ca\/wp-json\/wp\/v2\/posts\/29010\/revisions"}],"predecessor-version":[{"id":30999,"href":"https:\/\/www.cnelbalis.com\/ca\/wp-json\/wp\/v2\/posts\/29010\/revisions\/30999"}],"wp:featuredmedia":[{"embeddable":true,"href":"https:\/\/www.cnelbalis.com\/ca\/wp-json\/wp\/v2\/media\/3665"}],"wp:attachment":[{"href":"https:\/\/www.cnelbalis.com\/ca\/wp-json\/wp\/v2\/media?parent=29010"}],"wp:term":[{"taxonomy":"category","embeddable":true,"href":"https:\/\/www.cnelbalis.com\/ca\/wp-json\/wp\/v2\/categories?post=29010"},{"taxonomy":"post_tag","embeddable":true,"href":"https:\/\/www.cnelbalis.com\/ca\/wp-json\/wp\/v2\/tags?post=29010"}],"curies":[{"name":"wp","href":"https:\/\/api.w.org\/{rel}","templated":true}]}}