{"id":29009,"date":"2018-02-08T14:33:43","date_gmt":"2018-02-08T13:33:43","guid":{"rendered":"https:\/\/club.cnelbalis.com\/la-medsailing-del-cn-el-balis-obrira-amb-leurocup-2018-de-29er\/"},"modified":"2022-06-24T08:59:11","modified_gmt":"2022-06-24T06:59:11","slug":"la-medsailing-del-cn-el-balis-obrira-amb-leurocup-2018-de-29er","status":"publish","type":"post","link":"https:\/\/www.cnelbalis.com\/ca\/la-medsailing-del-cn-el-balis-obrira-amb-leurocup-2018-de-29er\/","title":{"rendered":"La MedSailing del CN El Bal\u00eds obrir\u00e0 amb l\u2019Eurocup 2018 de 29er"},"content":{"rendered":"<p>El Club N\u00e0utic El Bal\u00eds celebrar\u00e0 del dijous 15 al diumenge 18 de febrer la gran regata internacional MedSailing, per les classes 29er i 420. L\u2019esdeveniment servir\u00e0 per iniciar l\u2019Eurocup 2018 en la categoria 29er i hi prendran part els millors regatistes continentals d\u2019edat juvenil en embarcacions de vela lleugera de dos tripulants.<\/p>\n<p><strong>Primera parada de les nou del circuit<\/strong><br \/>\nLa prova, que tindr\u00e0 lloc en aig\u00fces de Sant Andreu de Llavaneres, ser\u00e0 la primera de les nou de la temporada i \u00fanica en el territori espanyol del circuit Eurocup de 29er. D\u2019aquesta manera, el Port Bal\u00eds es mant\u00e9 un nou any com a parada en el calendari del principal campionat europeu de la classe, amb una regata pr\u00f2pia com la MedSailing.<\/p>\n<p><strong>M\u00e9s d\u2019una vuitantena d\u2019embarcacions i onze nacionalitats<\/strong><br \/>\nA l\u2019espera que es tanquin les inscripcions aquest diumenge, fins al moment han confirmat la seva participaci\u00f3 a la prova un total de 81 embarcacions, amb regatistes d\u2019onze nacionalitats diferents. Setanta-una d\u2019elles ho faran en 29er, en una edici\u00f3 que comptar\u00e0 amb vaixells amb banderes d\u2019Espanya, Dinamarca, Fran\u00e7a, Regne Unit, Alemanya, Hongria, It\u00e0lia, Pa\u00efsos Baixos, Pol\u00f2nia, R\u00fassia i Su\u00efssa.<\/p>\n<p><strong>Participants d\u2019alt nivell<\/strong><br \/>\nAmb la disputa de la MedSailing, els pantalans del CN El Bal\u00eds s\u2019ompliran de regatistes d\u2019alt nivell. Entre les tripulacions participants destaquen en 29er els francesos Benjamin Jaffrezic i L\u00e9o Chauvel, en l\u2019actualitat tercers del m\u00f3n, i els tamb\u00e9 francesos Th\u00e9o Revil i Gautier Guevel, quarts del r\u00e0nquing mundial.<\/p>\n<p>Al seu torn, el CN El Bal\u00eds estar\u00e0 representat en la prova per sis vaixells, amb els germans Arnau i Albert Gelp\u00ed en la categoria 29er, mentre que la resta competiran en 420, amb les parelles formades per Edu Ferrer i Carlos de Maqua, novens classificats en el Campionat del m\u00f3n celebrat a Austr\u00e0lia el passat desembre, a m\u00e9s de Nacho D\u00e1vila i Javi Mestre, entre les favorites per endur-se el triomf.<\/p>\n\n","protected":false},"excerpt":{"rendered":"<p>El Club N\u00e0utic El Bal\u00eds celebrar\u00e0 del dijous 15 al diumenge 18 de febrer la gran regata internacional MedSailing, per les classes 29er i 420. L\u2019esdeveniment servir\u00e0 per iniciar l\u2019Eurocup 2018 en la categoria 29er i hi prendran part els millors regatistes continentals d\u2019edat juvenil en embarcacions de vela lleugera de dos tripulants. Primera parada [&hellip;]<\/p>\n","protected":false},"author":1,"featured_media":0,"comment_status":"open","ping_status":"open","sticky":false,"template":"","format":"standard","meta":{"footnotes":""},"categories":[23],"tags":[110,131,111,34,52],"class_list":["post-29009","post","type-post","status-publish","format-standard","hentry","category-vela","tag-29er","tag-131","tag-eurocup","tag-medsailing","tag-vela"],"acf":[],"_links":{"self":[{"href":"https:\/\/www.cnelbalis.com\/ca\/wp-json\/wp\/v2\/posts\/29009","targetHints":{"allow":["GET"]}}],"collection":[{"href":"https:\/\/www.cnelbalis.com\/ca\/wp-json\/wp\/v2\/posts"}],"about":[{"href":"https:\/\/www.cnelbalis.com\/ca\/wp-json\/wp\/v2\/types\/post"}],"author":[{"embeddable":true,"href":"https:\/\/www.cnelbalis.com\/ca\/wp-json\/wp\/v2\/users\/1"}],"replies":[{"embeddable":true,"href":"https:\/\/www.cnelbalis.com\/ca\/wp-json\/wp\/v2\/comments?post=29009"}],"version-history":[{"count":1,"href":"https:\/\/www.cnelbalis.com\/ca\/wp-json\/wp\/v2\/posts\/29009\/revisions"}],"predecessor-version":[{"id":30998,"href":"https:\/\/www.cnelbalis.com\/ca\/wp-json\/wp\/v2\/posts\/29009\/revisions\/30998"}],"wp:attachment":[{"href":"https:\/\/www.cnelbalis.com\/ca\/wp-json\/wp\/v2\/media?parent=29009"}],"wp:term":[{"taxonomy":"category","embeddable":true,"href":"https:\/\/www.cnelbalis.com\/ca\/wp-json\/wp\/v2\/categories?post=29009"},{"taxonomy":"post_tag","embeddable":true,"href":"https:\/\/www.cnelbalis.com\/ca\/wp-json\/wp\/v2\/tags?post=29009"}],"curies":[{"name":"wp","href":"https:\/\/api.w.org\/{rel}","templated":true}]}}