{"id":28995,"date":"2018-01-16T14:06:09","date_gmt":"2018-01-16T13:06:09","guid":{"rendered":"https:\/\/club.cnelbalis.com\/seguim-amb-la-lliga-de-padel-hivern\/"},"modified":"2022-06-24T08:59:05","modified_gmt":"2022-06-24T06:59:05","slug":"seguim-amb-la-lliga-de-padel-hivern","status":"publish","type":"post","link":"https:\/\/www.cnelbalis.com\/ca\/seguim-amb-la-lliga-de-padel-hivern\/","title":{"rendered":"Seguim amb la lliga de p\u00e0del &#8211; hivern"},"content":{"rendered":"<p><img loading=\"lazy\" decoding=\"async\" class=\"alignleft wp-image-12566\" src=\"https:\/\/www.cnelbalis.com\/wp-content\/uploads\/vj-wp-import-export\/temp\/2018\/01\/Lliga-de-p\u00e0del-hivern-724x1024.jpg\" alt=\"\" width=\"251\" height=\"355\" \/><\/p>\n<p>Continuem amb la lliga de p\u00e0del que vam iniciar a finals d\u2019octubre. L\u2019activitat, que es far\u00e0 a les pistes del Club amb la col\u00b7laboraci\u00f3 d\u2019evolution sport i Teeweet, est\u00e0 destinada a tots els socis i no socis majors de 16 anys.<\/p>\n<p>Es tracta d\u2019una lliga de p\u00e0del permanent (durar\u00e0 tot l\u2019any) i es dividir\u00e0 en estacions, de manera que hi haur\u00e0 4 lligues d\u2019aproximadament 3 mesos.<\/p>\n<p>L\u2019objectiu \u00e9s fomentar la competici\u00f3, la integraci\u00f3 de nous jugadors i donar un \u201cr\u00e0nquing\u201d a cada parella, de manera que cadascuna d\u2019elles sabr\u00e0 en quin nivell est\u00e0 per acabar jugant partits contra contrincants del mateix nivell.<\/p>\n<p>El preu per a socis ser\u00e0 de 30 \u20ac per persona per trimestre i 50 \u20ac per als no socis.\u00a0De cada inscripci\u00f3, 1\u20ac solidari anir\u00e0 destinat al SJD Pediatric Cancer Center \u2013 Hospital Sant Joan de D\u00e9u.<\/p>\n<p>Apunta\u2019t a la recepci\u00f3 del club o a l&#8217;<a href=\"https:\/\/esports.cnelbalis.com\/index.php?route=product\/product&amp;product_id=2115\" target=\"_blank\" rel=\"noopener\">ecommerce<\/a>. Si encara necessites m\u00e9s informaci\u00f3, envia un email <a href=\"mailto:padel@cnelbalis.com\">aqu\u00ed.<\/a><br \/>\n<strong>Anima\u2019t!<\/strong><\/p>\n","protected":false},"excerpt":{"rendered":"<p>Continuem amb la lliga de p\u00e0del que vam iniciar a finals d\u2019octubre. L\u2019activitat, que es far\u00e0 a les pistes del Club amb la col\u00b7laboraci\u00f3 d\u2019evolution sport i Teeweet, est\u00e0 destinada a tots els socis i no socis majors de 16 anys. Es tracta d\u2019una lliga de p\u00e0del permanent (durar\u00e0 tot l\u2019any) i es dividir\u00e0 en [&hellip;]<\/p>\n","protected":false},"author":1,"featured_media":0,"comment_status":"open","ping_status":"open","sticky":false,"template":"","format":"standard","meta":{"footnotes":""},"categories":[782,26],"tags":[332,223,271],"class_list":["post-28995","post","type-post","status-publish","format-standard","hentry","category-esport","category-social","tag-hivern","tag-padel","tag-torneig"],"acf":[],"_links":{"self":[{"href":"https:\/\/www.cnelbalis.com\/ca\/wp-json\/wp\/v2\/posts\/28995","targetHints":{"allow":["GET"]}}],"collection":[{"href":"https:\/\/www.cnelbalis.com\/ca\/wp-json\/wp\/v2\/posts"}],"about":[{"href":"https:\/\/www.cnelbalis.com\/ca\/wp-json\/wp\/v2\/types\/post"}],"author":[{"embeddable":true,"href":"https:\/\/www.cnelbalis.com\/ca\/wp-json\/wp\/v2\/users\/1"}],"replies":[{"embeddable":true,"href":"https:\/\/www.cnelbalis.com\/ca\/wp-json\/wp\/v2\/comments?post=28995"}],"version-history":[{"count":1,"href":"https:\/\/www.cnelbalis.com\/ca\/wp-json\/wp\/v2\/posts\/28995\/revisions"}],"predecessor-version":[{"id":30985,"href":"https:\/\/www.cnelbalis.com\/ca\/wp-json\/wp\/v2\/posts\/28995\/revisions\/30985"}],"wp:attachment":[{"href":"https:\/\/www.cnelbalis.com\/ca\/wp-json\/wp\/v2\/media?parent=28995"}],"wp:term":[{"taxonomy":"category","embeddable":true,"href":"https:\/\/www.cnelbalis.com\/ca\/wp-json\/wp\/v2\/categories?post=28995"},{"taxonomy":"post_tag","embeddable":true,"href":"https:\/\/www.cnelbalis.com\/ca\/wp-json\/wp\/v2\/tags?post=28995"}],"curies":[{"name":"wp","href":"https:\/\/api.w.org\/{rel}","templated":true}]}}