{"id":28970,"date":"2017-11-15T09:17:58","date_gmt":"2017-11-15T08:17:58","guid":{"rendered":"https:\/\/club.cnelbalis.com\/bons-resultats-dels-regatistes-de-el-balis-al-gp-dandorra\/"},"modified":"2022-06-24T08:58:59","modified_gmt":"2022-06-24T06:58:59","slug":"bons-resultats-dels-regatistes-de-el-balis-al-gp-dandorra","status":"publish","type":"post","link":"https:\/\/www.cnelbalis.com\/ca\/bons-resultats-dels-regatistes-de-el-balis-al-gp-dandorra\/","title":{"rendered":"Bons resultats dels regatistes de El Bal\u00eds al GP d\u2019Andorra"},"content":{"rendered":"<p>El XXIX Gran Premi Principat d\u2019Andorra Vela es va disputar aquest cap de setmana, 11 i 12 de novembre, a les instal\u00b7lacions del CN El Masnou amb un gran \u00e8xit de participaci\u00f3 amb gaireb\u00e9 300 participants en Vela lleugera i 15 embarcacions de la classe Creuer. Tots els regatistes van gaudir d\u2019un cap de setmana de navegaci\u00f3, tot i haver estat una regata marcada pels forts vents.<\/p>\n<p>La flota d\u2019Optimist, d\u2019Europe i de 420 d\u2019El Bal\u00eds hi va participar aconseguint diversos podis.<\/p>\n<p>En Optimist cal destacar Pau Llibre, guanyador absolut d\u2019una flota de 98 vaixells, a m\u00e9s a m\u00e9s d\u2019aconseguir un 1r lloc en G1- B, compartint podi amb Jaume Alcover en 2a posici\u00f3 (2a tamb\u00e9 a la general) i Ale Riquelme en 3a (4t a la general). En Optimist G2, Cat. A, 1er lloc per Alejandro Fargas i 2a posici\u00f3 per Jingling Belenguer. Gonzalo Ferrando, 2n del Grup 2- C.<\/p>\n<p>Pel que fa a la classe Europe, Rafa Rabasa va pujar al capdamunt del podi a recollir l\u2019or.<\/p>\n<p>En 420, Nacho D\u00e1vila i Javi Mestre van aconseguir una 2a posici\u00f3 per davant d\u2019Edu Ferrer i Carlos de Maqua que van pujar al 3r esgla\u00f3 del podi.<\/p>\n<p>Enhorabona a tots els regatistes del Club!!<\/p>\n\n","protected":false},"excerpt":{"rendered":"<p>El XXIX Gran Premi Principat d\u2019Andorra Vela es va disputar aquest cap de setmana, 11 i 12 de novembre, a les instal\u00b7lacions del CN El Masnou amb un gran \u00e8xit de participaci\u00f3 amb gaireb\u00e9 300 participants en Vela lleugera i 15 embarcacions de la classe Creuer. Tots els regatistes van gaudir d\u2019un cap de setmana [&hellip;]<\/p>\n","protected":false},"author":1,"featured_media":0,"comment_status":"open","ping_status":"open","sticky":false,"template":"","format":"standard","meta":{"footnotes":""},"categories":[23],"tags":[131,496,80,497,360,32],"class_list":["post-28970","post","type-post","status-publish","format-standard","hentry","category-vela","tag-131","tag-andorra","tag-europe","tag-gp","tag-masnou","tag-optimist"],"acf":[],"_links":{"self":[{"href":"https:\/\/www.cnelbalis.com\/ca\/wp-json\/wp\/v2\/posts\/28970","targetHints":{"allow":["GET"]}}],"collection":[{"href":"https:\/\/www.cnelbalis.com\/ca\/wp-json\/wp\/v2\/posts"}],"about":[{"href":"https:\/\/www.cnelbalis.com\/ca\/wp-json\/wp\/v2\/types\/post"}],"author":[{"embeddable":true,"href":"https:\/\/www.cnelbalis.com\/ca\/wp-json\/wp\/v2\/users\/1"}],"replies":[{"embeddable":true,"href":"https:\/\/www.cnelbalis.com\/ca\/wp-json\/wp\/v2\/comments?post=28970"}],"version-history":[{"count":1,"href":"https:\/\/www.cnelbalis.com\/ca\/wp-json\/wp\/v2\/posts\/28970\/revisions"}],"predecessor-version":[{"id":30961,"href":"https:\/\/www.cnelbalis.com\/ca\/wp-json\/wp\/v2\/posts\/28970\/revisions\/30961"}],"wp:attachment":[{"href":"https:\/\/www.cnelbalis.com\/ca\/wp-json\/wp\/v2\/media?parent=28970"}],"wp:term":[{"taxonomy":"category","embeddable":true,"href":"https:\/\/www.cnelbalis.com\/ca\/wp-json\/wp\/v2\/categories?post=28970"},{"taxonomy":"post_tag","embeddable":true,"href":"https:\/\/www.cnelbalis.com\/ca\/wp-json\/wp\/v2\/tags?post=28970"}],"curies":[{"name":"wp","href":"https:\/\/api.w.org\/{rel}","templated":true}]}}