{"id":28960,"date":"2017-10-19T10:12:42","date_gmt":"2017-10-19T08:12:42","guid":{"rendered":"https:\/\/club.cnelbalis.com\/tagradaria-inscriuret-a-la-1a-lliga-de-padel-de-tardor\/"},"modified":"2022-06-24T08:58:58","modified_gmt":"2022-06-24T06:58:58","slug":"tagradaria-inscriuret-a-la-1a-lliga-de-padel-de-tardor","status":"publish","type":"post","link":"https:\/\/www.cnelbalis.com\/ca\/tagradaria-inscriuret-a-la-1a-lliga-de-padel-de-tardor\/","title":{"rendered":"T&#8217;agradaria inscriure&#8217;t a la 1\u00aa lliga de p\u00e0del de tardor?"},"content":{"rendered":"<p>El <strong>26 d&#8217;octubre<\/strong> iniciem la primera lliga de p\u00e0del de tardor a les pistes del Club amb la col\u00b7laboraci\u00f3 d&#8217;<a href=\"http:\/\/www.evolutionsports.es\/\" target=\"_blank\" rel=\"noopener\">evolution sport<\/a> i <a href=\"http:\/\/teeweetpadel.com\/Inicio.html\" target=\"_blank\" rel=\"noopener\">Teeweet<\/a>. L&#8217;activitat est\u00e0 destinada a tots els socis i no socis majors de 16 anys.<\/p>\n<p>Es tracta d&#8217;una lliga de p\u00e0del permanent (durar\u00e0 tot l&#8217;any) i es dividir\u00e0 en estacions, de manera que hi haur\u00e0 4 lligues d&#8217;aproximadament 3 mesos. La primera s&#8217;iniciar\u00e0 a finals d&#8217;octubre i finalitzar\u00e0 el 21 de gener de 2017.<\/p>\n<p>L&#8217;objectiu \u00e9s fomentar la competici\u00f3, la integraci\u00f3 de nous jugadors i donar un &#8220;r\u00e0nquing&#8221; a cada parella, de manera que cadascuna d&#8217;elles\u00a0sabr\u00e0 en quin nivell est\u00e0 per acabar jugant partits contra contrincants del mateix nivell.<\/p>\n<p>El<strong> preu<\/strong> per a socis ser\u00e0 de 20 \u20ac per persona per trimestre i 40 \u20ac per als no socis.<\/p>\n<p>Apunta&#8217;t a la recepci\u00f3 del club. O, si per contra, encara necessites m\u00e9s informaci\u00f3, envia un email <a href=\"mailto:padel@cnelbalis.com\" target=\"_blank\" rel=\"noopener\">aqu\u00ed<\/a>.<\/p>\n<p><a href=\"https:\/\/www.cnelbalis.com\/wp-content\/uploads\/vj-wp-import-export\/temp\/2017\/10\/NORMATIVA-RANQUING-PADEL-CN-BALIS-2017-1.pdf\" target=\"_blank\" rel=\"noopener\"><strong>NORMATIVA LLIGA P\u00c0DEL<\/strong><\/a><\/p>\n<p><strong>Anima&#8217;t!<\/strong><\/p>\n\n","protected":false},"excerpt":{"rendered":"<p>El 26 d&#8217;octubre iniciem la primera lliga de p\u00e0del de tardor a les pistes del Club amb la col\u00b7laboraci\u00f3 d&#8217;evolution sport i Teeweet. L&#8217;activitat est\u00e0 destinada a tots els socis i no socis majors de 16 anys. Es tracta d&#8217;una lliga de p\u00e0del permanent (durar\u00e0 tot l&#8217;any) i es dividir\u00e0 en estacions, de manera que [&hellip;]<\/p>\n","protected":false},"author":1,"featured_media":0,"comment_status":"open","ping_status":"open","sticky":false,"template":"","format":"standard","meta":{"footnotes":""},"categories":[782],"tags":[279,223,1323],"class_list":["post-28960","post","type-post","status-publish","format-standard","hentry","category-esport","tag-lliga","tag-padel","tag-tardor"],"acf":[],"_links":{"self":[{"href":"https:\/\/www.cnelbalis.com\/ca\/wp-json\/wp\/v2\/posts\/28960","targetHints":{"allow":["GET"]}}],"collection":[{"href":"https:\/\/www.cnelbalis.com\/ca\/wp-json\/wp\/v2\/posts"}],"about":[{"href":"https:\/\/www.cnelbalis.com\/ca\/wp-json\/wp\/v2\/types\/post"}],"author":[{"embeddable":true,"href":"https:\/\/www.cnelbalis.com\/ca\/wp-json\/wp\/v2\/users\/1"}],"replies":[{"embeddable":true,"href":"https:\/\/www.cnelbalis.com\/ca\/wp-json\/wp\/v2\/comments?post=28960"}],"version-history":[{"count":1,"href":"https:\/\/www.cnelbalis.com\/ca\/wp-json\/wp\/v2\/posts\/28960\/revisions"}],"predecessor-version":[{"id":30951,"href":"https:\/\/www.cnelbalis.com\/ca\/wp-json\/wp\/v2\/posts\/28960\/revisions\/30951"}],"wp:attachment":[{"href":"https:\/\/www.cnelbalis.com\/ca\/wp-json\/wp\/v2\/media?parent=28960"}],"wp:term":[{"taxonomy":"category","embeddable":true,"href":"https:\/\/www.cnelbalis.com\/ca\/wp-json\/wp\/v2\/categories?post=28960"},{"taxonomy":"post_tag","embeddable":true,"href":"https:\/\/www.cnelbalis.com\/ca\/wp-json\/wp\/v2\/tags?post=28960"}],"curies":[{"name":"wp","href":"https:\/\/api.w.org\/{rel}","templated":true}]}}