{"id":28957,"date":"2017-10-11T10:27:20","date_gmt":"2017-10-11T08:27:20","guid":{"rendered":"https:\/\/club.cnelbalis.com\/el-cn-el-balis-acollira-per-primera-vegada-en-cataluna-una-final-europea-de-motos-daigua\/"},"modified":"2022-06-24T08:58:54","modified_gmt":"2022-06-24T06:58:54","slug":"el-cn-el-balis-acollira-per-primera-vegada-en-cataluna-una-final-europea-de-motos-daigua","status":"publish","type":"post","link":"https:\/\/www.cnelbalis.com\/ca\/el-cn-el-balis-acollira-per-primera-vegada-en-cataluna-una-final-europea-de-motos-daigua\/","title":{"rendered":"El CN el Bal\u00eds acollir\u00e0 per primera vegada en Catalu\u00f1a una Final Europea de motos d&#8217;aigua"},"content":{"rendered":"<p>El Club N\u00e0utic El Bal\u00eds acollir\u00e0 aquest cap de setmana del 14 i 15 d&#8217;octubre la Final Europea del circuit de motos aqu\u00e0tiques AquaX Pro, que se celebrar\u00e0 per primer cop a Catalunya.<\/p>\n<p>A la cita hi prendran part m\u00e9s de 70 pilots de diferents nacionalitats, sent r\u00e8cord de participaci\u00f3. Entre els quals destacar\u00e0 la participaci\u00f3, entre d&#8217;altres, del tarragon\u00ed Jordi Tom\u00e0s, actual subcampi\u00f3 continental de la modalitat.<\/p>\n<p>Al llarg de les dues jornades que durar\u00e0 la prova, a m\u00e9s, est\u00e0 previst que assisteixin a les instal\u00b7lacions del club maresmenc un gran nombre d&#8217;aficionats, tant per la repercussi\u00f3 internacional de l&#8217;esdeveniment com tamb\u00e9 pel f\u00e0cil seguiment de les carreres per al p\u00fablic, a causa de la proximitat del camp de regates amb l&#8217;espig\u00f3 del port i la platja.<\/p>\n<p>&nbsp;<\/p>\n\n","protected":false},"excerpt":{"rendered":"<p>El Club N\u00e0utic El Bal\u00eds acollir\u00e0 aquest cap de setmana del 14 i 15 d&#8217;octubre la Final Europea del circuit de motos aqu\u00e0tiques AquaX Pro, que se celebrar\u00e0 per primer cop a Catalunya. A la cita hi prendran part m\u00e9s de 70 pilots de diferents nacionalitats, sent r\u00e8cord de participaci\u00f3. Entre els quals destacar\u00e0 la [&hellip;]<\/p>\n","protected":false},"author":1,"featured_media":0,"comment_status":"open","ping_status":"open","sticky":false,"template":"","format":"standard","meta":{"footnotes":""},"categories":[782,23],"tags":[287,273,212,288],"class_list":["post-28957","post","type-post","status-publish","format-standard","hentry","category-esport","category-vela","tag-acuatica","tag-aquax","tag-europeo","tag-moto"],"acf":[],"_links":{"self":[{"href":"https:\/\/www.cnelbalis.com\/ca\/wp-json\/wp\/v2\/posts\/28957","targetHints":{"allow":["GET"]}}],"collection":[{"href":"https:\/\/www.cnelbalis.com\/ca\/wp-json\/wp\/v2\/posts"}],"about":[{"href":"https:\/\/www.cnelbalis.com\/ca\/wp-json\/wp\/v2\/types\/post"}],"author":[{"embeddable":true,"href":"https:\/\/www.cnelbalis.com\/ca\/wp-json\/wp\/v2\/users\/1"}],"replies":[{"embeddable":true,"href":"https:\/\/www.cnelbalis.com\/ca\/wp-json\/wp\/v2\/comments?post=28957"}],"version-history":[{"count":1,"href":"https:\/\/www.cnelbalis.com\/ca\/wp-json\/wp\/v2\/posts\/28957\/revisions"}],"predecessor-version":[{"id":30948,"href":"https:\/\/www.cnelbalis.com\/ca\/wp-json\/wp\/v2\/posts\/28957\/revisions\/30948"}],"wp:attachment":[{"href":"https:\/\/www.cnelbalis.com\/ca\/wp-json\/wp\/v2\/media?parent=28957"}],"wp:term":[{"taxonomy":"category","embeddable":true,"href":"https:\/\/www.cnelbalis.com\/ca\/wp-json\/wp\/v2\/categories?post=28957"},{"taxonomy":"post_tag","embeddable":true,"href":"https:\/\/www.cnelbalis.com\/ca\/wp-json\/wp\/v2\/tags?post=28957"}],"curies":[{"name":"wp","href":"https:\/\/api.w.org\/{rel}","templated":true}]}}