{"id":28941,"date":"2017-09-04T07:44:33","date_gmt":"2017-09-04T05:44:33","guid":{"rendered":"https:\/\/club.cnelbalis.com\/joan-freixa-campio-despanya-de-la-classe-europa\/"},"modified":"2022-06-24T08:58:53","modified_gmt":"2022-06-24T06:58:53","slug":"joan-freixa-campio-despanya-de-la-classe-europa","status":"publish","type":"post","link":"https:\/\/www.cnelbalis.com\/ca\/joan-freixa-campio-despanya-de-la-classe-europa\/","title":{"rendered":"Joan Freixa, campi\u00f3 d\u2019Espanya de la classe Europa"},"content":{"rendered":"<p>Diumenge va finalitzar el Campionat d\u2019Espanya de Classe Europa celebrat a aig\u00fces de Benalm\u00e0dena, M\u00e0laga, amb una actuaci\u00f3 impecable dels nostres regatistes destacant la de Joan Freixa.<\/p>\n<p>\u00c8xit sense precedents amb 14 de 16 trofeus possibles pels integrants del CN El Bal\u00eds, de les cinc proves disputades quatre han estat guanyades per un regatista del Club. La bona t\u00e8cnica dels nostres regatistes amb les condicions suaus i dif\u00edcils que ens hem trobat ha estat clau en l&#8217;\u00e8xit assolit.<\/p>\n<p>El Campionat, celebrat del 31 d\u2019agost fins el 3 de setembre, va comptar amb una participaci\u00f3 de m\u00e9s de 60 embarcacions que van disputar un total de 12 proves repartides en 3 regates per dia.<\/p>\n<p><strong>Resultats dels regatistes del CN El Bal\u00eds:<\/strong><br \/>\n1r. Joan Freixa (1r S18) &#8211; Campi\u00f3 absolut, sots 20 i sots 18 per la RFEV<br \/>\n2n. Rafa Rabasa (1r S20)<br \/>\n2n S18. Nico Borr\u00e0s<br \/>\n3r S18. M\u00f2nica Vennhoven (1ra S18 f\u00e8mina)<br \/>\n2n S20. Marc Tello<br \/>\n3r S20. Oriol Arrufat<br \/>\n1ra S20 f\u00e8mina. Cl\u00e0udia Rod\u00e9s<br \/>\n1a s\u00e8nior f\u00e8mina: Andrea Rabasa<\/p>\n<p>Moltes felicitats a tots ells per la feina ben feta!!<\/p>\n<p><img loading=\"lazy\" decoding=\"async\" class=\"alignleft size-medium wp-image-10275\" src=\"https:\/\/www.cnelbalis.com\/wp-content\/uploads\/vj-w\/-i\/21150036_1599909400048638_7000483894464540992_n-300x225.jpg\" alt=\"21150036_1599909400048638_7000483894464540992_n\" width=\"300\" height=\"225\" \/> <img loading=\"lazy\" decoding=\"async\" class=\"alignleft size-medium wp-image-10277\" src=\"https:\/\/www.cnelbalis.com\/wp-content\/uploads\/vj-w\/-i\/21230759_1599909406715304_5143625738409040037_n-300x225.jpg\" alt=\"21230759_1599909406715304_5143625738409040037_n\" width=\"300\" height=\"225\" \/> <img loading=\"lazy\" decoding=\"async\" class=\"alignleft size-medium wp-image-10279\" src=\"https:\/\/www.cnelbalis.com\/wp-content\/uploads\/vj-w\/-i\/21230860_1602582286448016_5900248306389305418_n-300x225.jpg\" alt=\"21230860_1602582286448016_5900248306389305418_n\" width=\"300\" height=\"225\" \/> <img loading=\"lazy\" decoding=\"async\" class=\"alignleft size-medium wp-image-10281\" src=\"https:\/\/www.cnelbalis.com\/wp-content\/uploads\/vj-w\/-i\/21230875_1602582299781348_7800306980377271005_n-300x225.jpg\" alt=\"21230875_1602582299781348_7800306980377271005_n\" width=\"300\" height=\"225\" \/> <img loading=\"lazy\" decoding=\"async\" class=\"alignleft size-medium wp-image-10283\" src=\"https:\/\/www.cnelbalis.com\/wp-content\/uploads\/vj-w\/-i\/21272231_1602582296448015_686744290957247063_n-300x225.jpg\" alt=\"21272231_1602582296448015_686744290957247063_n\" width=\"300\" height=\"225\" \/> <img loading=\"lazy\" decoding=\"async\" class=\"alignleft size-medium wp-image-10285\" src=\"https:\/\/www.cnelbalis.com\/wp-content\/uploads\/vj-w\/-i\/21314390_1602582289781349_1934230031161681170_n-300x225.jpg\" alt=\"21314390_1602582289781349_1934230031161681170_n\" width=\"300\" height=\"225\" \/><\/p>\n","protected":false},"excerpt":{"rendered":"<p>Diumenge va finalitzar el Campionat d\u2019Espanya de Classe Europa celebrat a aig\u00fces de Benalm\u00e0dena, M\u00e0laga, amb una actuaci\u00f3 impecable dels nostres regatistes destacant la de Joan Freixa. \u00c8xit sense precedents amb 14 de 16 trofeus possibles pels integrants del CN El Bal\u00eds, de les cinc proves disputades quatre han estat guanyades per un regatista del [&hellip;]<\/p>\n","protected":false},"author":1,"featured_media":0,"comment_status":"open","ping_status":"open","sticky":false,"template":"","format":"standard","meta":{"footnotes":""},"categories":[782,23],"tags":[66,79,165],"class_list":["post-28941","post","type-post","status-publish","format-standard","hentry","category-esport","category-vela","tag-campionat","tag-espanya","tag-europa"],"acf":[],"_links":{"self":[{"href":"https:\/\/www.cnelbalis.com\/ca\/wp-json\/wp\/v2\/posts\/28941","targetHints":{"allow":["GET"]}}],"collection":[{"href":"https:\/\/www.cnelbalis.com\/ca\/wp-json\/wp\/v2\/posts"}],"about":[{"href":"https:\/\/www.cnelbalis.com\/ca\/wp-json\/wp\/v2\/types\/post"}],"author":[{"embeddable":true,"href":"https:\/\/www.cnelbalis.com\/ca\/wp-json\/wp\/v2\/users\/1"}],"replies":[{"embeddable":true,"href":"https:\/\/www.cnelbalis.com\/ca\/wp-json\/wp\/v2\/comments?post=28941"}],"version-history":[{"count":1,"href":"https:\/\/www.cnelbalis.com\/ca\/wp-json\/wp\/v2\/posts\/28941\/revisions"}],"predecessor-version":[{"id":30932,"href":"https:\/\/www.cnelbalis.com\/ca\/wp-json\/wp\/v2\/posts\/28941\/revisions\/30932"}],"wp:attachment":[{"href":"https:\/\/www.cnelbalis.com\/ca\/wp-json\/wp\/v2\/media?parent=28941"}],"wp:term":[{"taxonomy":"category","embeddable":true,"href":"https:\/\/www.cnelbalis.com\/ca\/wp-json\/wp\/v2\/categories?post=28941"},{"taxonomy":"post_tag","embeddable":true,"href":"https:\/\/www.cnelbalis.com\/ca\/wp-json\/wp\/v2\/tags?post=28941"}],"curies":[{"name":"wp","href":"https:\/\/api.w.org\/{rel}","templated":true}]}}