{"id":28911,"date":"2017-07-18T09:21:25","date_gmt":"2017-07-18T07:21:25","guid":{"rendered":"https:\/\/club.cnelbalis.com\/jose-m-van-der-ploeg-finalitza-4t-al-mundial-de-j80\/"},"modified":"2022-06-24T08:58:42","modified_gmt":"2022-06-24T06:58:42","slug":"jose-m-van-der-ploeg-finalitza-4t-al-mundial-de-j80","status":"publish","type":"post","link":"https:\/\/www.cnelbalis.com\/ca\/jose-m-van-der-ploeg-finalitza-4t-al-mundial-de-j80\/","title":{"rendered":"Jos\u00e9 M. van der Ploeg finalitza 4t al mundial de J80"},"content":{"rendered":"<p><img loading=\"lazy\" decoding=\"async\" class=\"aligncenter size-medium wp-image-9686\" src=\"https:\/\/www.cnelbalis.com\/wp-content\/uploads\/vj-w\/-i\/mundial-300x200.jpg\" alt=\"mundial\" width=\"300\" height=\"200\" \/><\/p>\n<p>Des del 7 de juliol (amb tres jornades pr\u00e8vies a la competici\u00f3 assenyalades per al mesurament de material i registre de participants) al 14 del mateix s&#8217;ha celebrat el Campionat del M\u00f3n de J80 en aig\u00fces angleses de Hamble (Southampton, Regne Unit).<\/p>\n<p>El regatista ol\u00edmpic de El Bal\u00eds, Jos\u00e9 M. Van der Ploeg amb el VSA Comunicaci\u00f3n, ha participat al costat d&#8217;un centenar d&#8217;embarcacions en el mundial en aig\u00fces complicades pel tra\u00e7at de corrents, r\u00e8gim de vent fort i marees finalitzant 4rt del m\u00f3n a nom\u00e9s dos punts del podi. Van der Ploeg afrontava l&#8217;\u00faltima jornada amb un bronze provisional per\u00f2 les dues bones regates del franc\u00e8s ArMenHabitat de Moriceau Simon, que anotava dos primers llocs en la jornada final, li donaven el bronze al gal en detriment del VSA Comunicaci\u00f3n.<\/p>\n<p>La representaci\u00f3 espanyola ha realitzat un paper que els fa mantenir la seva hegemonia com a dominadors de la classe J80.<\/p>\n","protected":false},"excerpt":{"rendered":"<p>Des del 7 de juliol (amb tres jornades pr\u00e8vies a la competici\u00f3 assenyalades per al mesurament de material i registre de participants) al 14 del mateix s&#8217;ha celebrat el Campionat del M\u00f3n de J80 en aig\u00fces angleses de Hamble (Southampton, Regne Unit). El regatista ol\u00edmpic de El Bal\u00eds, Jos\u00e9 M. Van der Ploeg amb el [&hellip;]<\/p>\n","protected":false},"author":1,"featured_media":0,"comment_status":"open","ping_status":"open","sticky":false,"template":"","format":"standard","meta":{"footnotes":""},"categories":[23],"tags":[247,84,57,248,249],"class_list":["post-28911","post","type-post","status-publish","format-standard","hentry","category-vela","tag-comunicacion","tag-j80","tag-mundial","tag-vander","tag-vsa"],"acf":[],"_links":{"self":[{"href":"https:\/\/www.cnelbalis.com\/ca\/wp-json\/wp\/v2\/posts\/28911","targetHints":{"allow":["GET"]}}],"collection":[{"href":"https:\/\/www.cnelbalis.com\/ca\/wp-json\/wp\/v2\/posts"}],"about":[{"href":"https:\/\/www.cnelbalis.com\/ca\/wp-json\/wp\/v2\/types\/post"}],"author":[{"embeddable":true,"href":"https:\/\/www.cnelbalis.com\/ca\/wp-json\/wp\/v2\/users\/1"}],"replies":[{"embeddable":true,"href":"https:\/\/www.cnelbalis.com\/ca\/wp-json\/wp\/v2\/comments?post=28911"}],"version-history":[{"count":1,"href":"https:\/\/www.cnelbalis.com\/ca\/wp-json\/wp\/v2\/posts\/28911\/revisions"}],"predecessor-version":[{"id":30903,"href":"https:\/\/www.cnelbalis.com\/ca\/wp-json\/wp\/v2\/posts\/28911\/revisions\/30903"}],"wp:attachment":[{"href":"https:\/\/www.cnelbalis.com\/ca\/wp-json\/wp\/v2\/media?parent=28911"}],"wp:term":[{"taxonomy":"category","embeddable":true,"href":"https:\/\/www.cnelbalis.com\/ca\/wp-json\/wp\/v2\/categories?post=28911"},{"taxonomy":"post_tag","embeddable":true,"href":"https:\/\/www.cnelbalis.com\/ca\/wp-json\/wp\/v2\/tags?post=28911"}],"curies":[{"name":"wp","href":"https:\/\/api.w.org\/{rel}","templated":true}]}}