{"id":28886,"date":"2017-05-29T13:29:25","date_gmt":"2017-05-29T11:29:25","guid":{"rendered":"https:\/\/club.cnelbalis.com\/arnau-gelpi-campio-de-catalunya-i-nora-lasurt-campiona-femina\/"},"modified":"2022-06-24T08:58:36","modified_gmt":"2022-06-24T06:58:36","slug":"arnau-gelpi-campio-de-catalunya-i-nora-lasurt-campiona-femina","status":"publish","type":"post","link":"https:\/\/www.cnelbalis.com\/ca\/arnau-gelpi-campio-de-catalunya-i-nora-lasurt-campiona-femina\/","title":{"rendered":"Arnau Gelp\u00ed, campi\u00f3 de Catalunya i Nora Lasurt campiona f\u00e8mina"},"content":{"rendered":"<p>Els passat cap de setmana va comen\u00e7ar el Campionat de Catalunya d\u2019Optimist al Club N\u00e0utic Garraf on es van poder celebrar el programa previst amb 6 proves, 3 dissabte i 3 diumenge. Ambdues jornades van estar marcades per unes condicions de vent feble i les regates van ser fluides i senzilles. Aquest cap de setmana, ha finalitzat al campionat on s\u2019han realitzat 4 proves m\u00e9s.<br \/>\nPel que fa a les classificacions cal destacar el bon nivell dels regatistes d\u2019El Bal\u00eds on Arnau Gelp\u00ed s\u2019ha coronat Campi\u00f3 de Catalunya absolut (per segona vegada) a 22 punts del segon classificat i Nora Lasurt, Campiona de Catalunya f\u00e8mina.<\/p>\n<p>5 dels regatistes del Club han aconseguit entrar al r\u00e0nquing absolut del Top10: Arnau (1\u00b0), Nora (4\u00b0), Jaume (8\u00b0), Miquel (9\u00b0) i Mariona (10\u00b0). A m\u00e9s a m\u00e9s, Mariona Rahola va pujar al tercer esgla\u00f3 de la categoria femenina a recollir el seu bronze, Victoria Pru\u00f1onosa va aconseguir quedar en tercera posici\u00f3 en sots-13 femen\u00ed i Jaume Alcover i Tano de Maqua 2on i 3er, respectivament, de la categoria B. Pel que fa a la categoria C, Lucas Garcia es va emportar el bronze.<\/p>\n<p>Amb aquests bon\u00edssims resultats, set dels nostres regatistes, Arnau Gelp\u00ed, Jaume Alcover, Nora Lasurt, Mariona Rahola, Miquel P\u00e9rez, Tano de Maqua i Pau Llibre, confirmen la seva pla\u00e7a a la selecci\u00f3 Catalana i participaran en el Campionat d\u2019Espanya.<\/p>\n<p>Excel\u00b7lent cloenda de temporada catalana pels Optimist d\u2019El Bal\u00eds! Enhorabona a tots els regatistes i entrenadors del Club!<\/p>\n\n","protected":false},"excerpt":{"rendered":"<p>Els passat cap de setmana va comen\u00e7ar el Campionat de Catalunya d\u2019Optimist al Club N\u00e0utic Garraf on es van poder celebrar el programa previst amb 6 proves, 3 dissabte i 3 diumenge. Ambdues jornades van estar marcades per unes condicions de vent feble i les regates van ser fluides i senzilles. Aquest cap de setmana, [&hellip;]<\/p>\n","protected":false},"author":1,"featured_media":0,"comment_status":"open","ping_status":"open","sticky":false,"template":"","format":"standard","meta":{"footnotes":""},"categories":[23],"tags":[66,132,32],"class_list":["post-28886","post","type-post","status-publish","format-standard","hentry","category-vela","tag-campionat","tag-catalunya","tag-optimist"],"acf":[],"_links":{"self":[{"href":"https:\/\/www.cnelbalis.com\/ca\/wp-json\/wp\/v2\/posts\/28886","targetHints":{"allow":["GET"]}}],"collection":[{"href":"https:\/\/www.cnelbalis.com\/ca\/wp-json\/wp\/v2\/posts"}],"about":[{"href":"https:\/\/www.cnelbalis.com\/ca\/wp-json\/wp\/v2\/types\/post"}],"author":[{"embeddable":true,"href":"https:\/\/www.cnelbalis.com\/ca\/wp-json\/wp\/v2\/users\/1"}],"replies":[{"embeddable":true,"href":"https:\/\/www.cnelbalis.com\/ca\/wp-json\/wp\/v2\/comments?post=28886"}],"version-history":[{"count":1,"href":"https:\/\/www.cnelbalis.com\/ca\/wp-json\/wp\/v2\/posts\/28886\/revisions"}],"predecessor-version":[{"id":30880,"href":"https:\/\/www.cnelbalis.com\/ca\/wp-json\/wp\/v2\/posts\/28886\/revisions\/30880"}],"wp:attachment":[{"href":"https:\/\/www.cnelbalis.com\/ca\/wp-json\/wp\/v2\/media?parent=28886"}],"wp:term":[{"taxonomy":"category","embeddable":true,"href":"https:\/\/www.cnelbalis.com\/ca\/wp-json\/wp\/v2\/categories?post=28886"},{"taxonomy":"post_tag","embeddable":true,"href":"https:\/\/www.cnelbalis.com\/ca\/wp-json\/wp\/v2\/tags?post=28886"}],"curies":[{"name":"wp","href":"https:\/\/api.w.org\/{rel}","templated":true}]}}