{"id":28846,"date":"2017-04-04T13:50:20","date_gmt":"2017-04-04T11:50:20","guid":{"rendered":"https:\/\/club.cnelbalis.com\/podi-a-420-europa-i-finn-al-trofeu-primavera\/"},"modified":"2022-06-24T08:58:23","modified_gmt":"2022-06-24T06:58:23","slug":"podi-a-420-europa-i-finn-al-trofeu-primavera","status":"publish","type":"post","link":"https:\/\/www.cnelbalis.com\/ca\/podi-a-420-europa-i-finn-al-trofeu-primavera\/","title":{"rendered":"Podi a 420, Europa i Finn al Trofeu Primavera"},"content":{"rendered":"<p>Aquest cap de setmana s\u2019ha celebrat al CV Blanes el Trofeu Primavera N2 per les classes Finn, Europa i 420, que ha sumat m\u00e9s d\u2019una setantena de regatistes, en competici\u00f3, provinents de fins a 11 clubs del litoral catal\u00e0. Amb participaci\u00f3 tamb\u00e9 de regatistes francesos i del RCNP, a les categories Finn i 420. Malgrat la complicada jornada de dissabte, on nom\u00e9s es va poder dur a terme una \u00fanica prova, a la jornada de diumenge, amb una mitja de 10 nusos de vent del S\/SO, es van completar tres proves m\u00e9s per totes les classes.<\/p>\n<p>Pel que fa a la classe <strong>420<\/strong>, es va consolidar l\u2019equip de selecci\u00f3 catalana previ al Campionat d\u2019Espanya format per regatistes d&#8217;El Bal\u00eds com Edu Ferrer i Carlos de Maqua i Iset Segura i Eli Rahola.<br \/>\nEn aquesta edici\u00f3 del Trofeu Primavera els regatistes Nacho D\u00e1vila i Javier Mestre i Eduard Ferrer i Carlos De Maqua van pujar al segon i tercer esgla\u00f3 del podi, respectivament, mentre que la parella formada per la regatista del RCNP, Gabriela Torres i Irene Hueto del CN el Bal\u00eds, es van convertir en les primeres absolutes a la categoria femenina. Aix\u00ed mateix, Nacho D\u00e1vila i Javi Mestre van quedar 1ers en la categoria S17.<\/p>\n<p>Tota la flota de 420 formada per Edu Ferrer i Carlos de Maqua, Nacho D\u00e1vila i Javier Mestre, Iset Segura i Eli Rahola, Sigfrid Rovira i Pau Chicharro, Alex Br\u00fa i Nil L\u00f3pez, Gabi i Cristina Cort\u00e9s, Daniel i Oscar Vidal i Carlos Insa i Ignacio Mart\u00ed, i entrenada per Magda Resano, David i Alex Charles han aprofitat per entrenar de cara al Campionat d\u2019Espanya que se celebrar\u00e0 a Vigo per Setmana Santa i on es definir\u00e0 la selecci\u00f3 nacional.<\/p>\n<p>A la classe <strong>Europa<\/strong> es van imposar, previ a la Copa d\u2019Espanya, Marc Tello i Rafa Rabassa, en segona i tercera posici\u00f3, respectivament. En aquest cas, Rafa Rabassa ha estat classificat per a la selecci\u00f3 catalana. Els regatistes d&#8217;El Bal\u00eds que s&#8217;afrontaran a la Copa d&#8217;Espanya amb l&#8217;entrenador Pol Rivas s\u00f3n: Joan Freixa, Rafa Rabasa, Cl\u00e0udia Rod\u00e9s, Andrea Rabasa, Gal\u00b7la Rodiera, Martina Rodiera, Oriol Arrufat, Marc Arrufat, Marc Tello, Carlos de Francisco, Ramon R\u00e0mia, M\u00f2nica Veenhoven, Mar Garcia i Jes\u00fas Tello (m\u00e0ster).<\/p>\n<p>Gran \u00e8xit, tamb\u00e9, per la primera cita del circuit catal\u00e0 de regates de la classe <strong>Finn<\/strong>. Despr\u00e9s d\u2019un primer dia passat per aigua, amb vent indec\u00eds en direcci\u00f3 i intensitat, el segon dia varen celebrar 3 m\u00e0negues programades amb 210\u00ba entorn a 10 nusos permeten que Miguel \u00c0ngel Mateo, del CN El Bal\u00eds se situ\u00e9s en 3\u00aa posici\u00f3 del podi.<\/p>\n\n","protected":false},"excerpt":{"rendered":"<p>Aquest cap de setmana s\u2019ha celebrat al CV Blanes el Trofeu Primavera N2 per les classes Finn, Europa i 420, que ha sumat m\u00e9s d\u2019una setantena de regatistes, en competici\u00f3, provinents de fins a 11 clubs del litoral catal\u00e0. Amb participaci\u00f3 tamb\u00e9 de regatistes francesos i del RCNP, a les categories Finn i 420. Malgrat [&hellip;]<\/p>\n","protected":false},"author":1,"featured_media":0,"comment_status":"open","ping_status":"open","sticky":false,"template":"","format":"standard","meta":{"footnotes":""},"categories":[23],"tags":[131,185,165,135,186],"class_list":["post-28846","post","type-post","status-publish","format-standard","hentry","category-vela","tag-131","tag-blanes","tag-europa","tag-finn","tag-trofeu-primavera"],"acf":[],"_links":{"self":[{"href":"https:\/\/www.cnelbalis.com\/ca\/wp-json\/wp\/v2\/posts\/28846","targetHints":{"allow":["GET"]}}],"collection":[{"href":"https:\/\/www.cnelbalis.com\/ca\/wp-json\/wp\/v2\/posts"}],"about":[{"href":"https:\/\/www.cnelbalis.com\/ca\/wp-json\/wp\/v2\/types\/post"}],"author":[{"embeddable":true,"href":"https:\/\/www.cnelbalis.com\/ca\/wp-json\/wp\/v2\/users\/1"}],"replies":[{"embeddable":true,"href":"https:\/\/www.cnelbalis.com\/ca\/wp-json\/wp\/v2\/comments?post=28846"}],"version-history":[{"count":1,"href":"https:\/\/www.cnelbalis.com\/ca\/wp-json\/wp\/v2\/posts\/28846\/revisions"}],"predecessor-version":[{"id":30832,"href":"https:\/\/www.cnelbalis.com\/ca\/wp-json\/wp\/v2\/posts\/28846\/revisions\/30832"}],"wp:attachment":[{"href":"https:\/\/www.cnelbalis.com\/ca\/wp-json\/wp\/v2\/media?parent=28846"}],"wp:term":[{"taxonomy":"category","embeddable":true,"href":"https:\/\/www.cnelbalis.com\/ca\/wp-json\/wp\/v2\/categories?post=28846"},{"taxonomy":"post_tag","embeddable":true,"href":"https:\/\/www.cnelbalis.com\/ca\/wp-json\/wp\/v2\/tags?post=28846"}],"curies":[{"name":"wp","href":"https:\/\/api.w.org\/{rel}","templated":true}]}}