{"id":28837,"date":"2017-03-20T12:17:58","date_gmt":"2017-03-20T11:17:58","guid":{"rendered":"https:\/\/club.cnelbalis.com\/retiro-de-ioga-detox-al-balis\/"},"modified":"2022-06-24T08:58:19","modified_gmt":"2022-06-24T06:58:19","slug":"retiro-de-ioga-detox-al-balis","status":"publish","type":"post","link":"https:\/\/www.cnelbalis.com\/ca\/retiro-de-ioga-detox-al-balis\/","title":{"rendered":"Retiro de Ioga &#038; Detox al Bal\u00eds"},"content":{"rendered":"<p>De tant en tant necessitem escapar-nos de la rutina i descansar. Coincidint amb Setmana Santa, el dissabte 15 d&#8217;abril, el CN El Bal\u00eds i Grazyoga han organitzat el primer retiro de Ioga &amp; Detox.<\/p>\n<p>La iniciativa t\u00e9 com a objectiu curar i harmonitzar el cos i la ment a trav\u00e9s del ioga i la bona alimentaci\u00f3, ja que s&#8217;aprendr\u00e0 diferents t\u00e8cniques de ioga amb una masterclass de Vinyasa Ioga i Nidra Ioga i d&#8217;alimentaci\u00f3. Per a aix\u00f2, participar\u00e0s en un taller de cuina Detox introduint el menjar ayurv\u00e8dic, els smoothies naturals, healthy brunch i un Chai Tea.<\/p>\n<p>Dins de l&#8217;activitat, tamb\u00e9 es dur\u00e0 a terme una part te\u00f2rica sobre la cosm\u00e8tica org\u00e0nica a c\u00e0rrec de la bi\u00f2loga Isabel Lorenzo per mostrar les nostres emocions a la pell.<\/p>\n<p>Els interessats a formar part d&#8217;aquest retiro haureu d&#8217;inscriure-us\u00a0<a href=\"http:\/\/esports.cnelbalis.com\/\">aqu\u00ed<\/a>.<\/p>\n<p><strong>Inicia&#8217;t al ioga i millorar\u00e0s la teva salut i benestar.<\/strong><\/p>\n<p>&nbsp;<\/p>\n<p><a href=\"https:\/\/www.cnelbalis.com\/wp-content\/uploads\/vj-wp-import-export\/temp\/2017\/03\/Retiro-ioga.jpg\"><img loading=\"lazy\" decoding=\"async\" class=\"aligncenter wp-image-8048\" src=\"https:\/\/www.cnelbalis.com\/wp-content\/uploads\/vj-w\/-i\/Retiro-ioga-1024x724.jpg\" alt=\"retiro-ioga\" width=\"588\" height=\"416\" \/><\/a><\/p>\n","protected":false},"excerpt":{"rendered":"<p>De tant en tant necessitem escapar-nos de la rutina i descansar. Coincidint amb Setmana Santa, el dissabte 15 d&#8217;abril, el CN El Bal\u00eds i Grazyoga han organitzat el primer retiro de Ioga &amp; Detox. La iniciativa t\u00e9 com a objectiu curar i harmonitzar el cos i la ment a trav\u00e9s del ioga i la bona [&hellip;]<\/p>\n","protected":false},"author":1,"featured_media":0,"comment_status":"open","ping_status":"open","sticky":false,"template":"","format":"standard","meta":{"footnotes":""},"categories":[782,26],"tags":[97],"class_list":["post-28837","post","type-post","status-publish","format-standard","hentry","category-esport","category-social","tag-fitness"],"acf":[],"_links":{"self":[{"href":"https:\/\/www.cnelbalis.com\/ca\/wp-json\/wp\/v2\/posts\/28837","targetHints":{"allow":["GET"]}}],"collection":[{"href":"https:\/\/www.cnelbalis.com\/ca\/wp-json\/wp\/v2\/posts"}],"about":[{"href":"https:\/\/www.cnelbalis.com\/ca\/wp-json\/wp\/v2\/types\/post"}],"author":[{"embeddable":true,"href":"https:\/\/www.cnelbalis.com\/ca\/wp-json\/wp\/v2\/users\/1"}],"replies":[{"embeddable":true,"href":"https:\/\/www.cnelbalis.com\/ca\/wp-json\/wp\/v2\/comments?post=28837"}],"version-history":[{"count":1,"href":"https:\/\/www.cnelbalis.com\/ca\/wp-json\/wp\/v2\/posts\/28837\/revisions"}],"predecessor-version":[{"id":30824,"href":"https:\/\/www.cnelbalis.com\/ca\/wp-json\/wp\/v2\/posts\/28837\/revisions\/30824"}],"wp:attachment":[{"href":"https:\/\/www.cnelbalis.com\/ca\/wp-json\/wp\/v2\/media?parent=28837"}],"wp:term":[{"taxonomy":"category","embeddable":true,"href":"https:\/\/www.cnelbalis.com\/ca\/wp-json\/wp\/v2\/categories?post=28837"},{"taxonomy":"post_tag","embeddable":true,"href":"https:\/\/www.cnelbalis.com\/ca\/wp-json\/wp\/v2\/tags?post=28837"}],"curies":[{"name":"wp","href":"https:\/\/api.w.org\/{rel}","templated":true}]}}