{"id":28818,"date":"2017-02-15T08:47:26","date_gmt":"2017-02-15T07:47:26","guid":{"rendered":"https:\/\/club.cnelbalis.com\/el-club-nautic-el-balis-organitza-la-medsailing-del-16-al-19-de-febrer\/"},"modified":"2022-06-24T08:58:13","modified_gmt":"2022-06-24T06:58:13","slug":"el-club-nautic-el-balis-organitza-la-medsailing-del-16-al-19-de-febrer","status":"publish","type":"post","link":"https:\/\/www.cnelbalis.com\/ca\/el-club-nautic-el-balis-organitza-la-medsailing-del-16-al-19-de-febrer\/","title":{"rendered":"El Club N\u00e0utic El Bal\u00eds organitza la MedSailing del 16 al 19 de febrer"},"content":{"rendered":"<p><strong>\u2022 184 regatistes de 13 pa\u00efsos disputaran la Regata MedSailing<\/strong><br \/>\n<strong>\u2022 La MedSailing \u00e9s la prova inaugural de la 29er EURO CUP 2017<\/strong><\/p>\n<p>El Club N\u00e0utic El Bal\u00eds organitzar\u00e0 la Regata Internacional MedSailing, que es disputar\u00e0 del proper 16 al 19 de febrer. Estan convocades les classes 420 i 29er, considerades embarcacions de tecnificaci\u00f3 per regatistes joves en el seu aprenentatge cap a les categories ol\u00edmpiques, i ambdues per a dos tripulants.<\/p>\n<p>La MedSailing \u00e9s la primera prova de la 29er EURO CUP que organitza la International Class 29er. Aquesta competici\u00f3 consta de nou regates puntuables, celebrades en diferents pa\u00efsos europeus, i que culminar\u00e0 el mes d&#8217;agost amb la Gran Final a disputar a Garda (It\u00e0lia). Per tercer any consecutiu, el Club N\u00e0utic El Bal\u00eds \u00e9s l&#8217;organitzador de la prova espanyola.<\/p>\n<p><strong>Inscripci\u00f3 internacional de luxe a la classe 29er<\/strong><br \/>\nA un dia pel tancament d&#8217;inscripcions de la MedSailing, el CN El Bal\u00eds ha rebut 61 peticions en classe 29er, gr\u00e0cies a l&#8217;alt inter\u00e8s suscitat a l&#8217;estranger despr\u00e9s de l&#8217;\u00e8xit organitzatiu i instal\u00b7lacions de les anteriors edicions. Aix\u00ed, dels 61 inscrits 51 competiran representant a Alemanya, \u00c0ustria, Dinamarca, Eslov\u00e8nia, Fran\u00e7a, Gran Bretanya, Holanda, It\u00e0lia, Rep\u00fablica Txeca, Romania, R\u00fassia i Su\u00efssa. La representaci\u00f3 espanyola \u00e9s de 10 vaixells, arribats de Santander\/Cant\u00e0bria (3), Eivissa\/Balears (2), M\u00e0laga\/Andalusia (1) i 4 catalans representant als clubs n\u00e0utics de Cambrils, El Garraf (2) i El Bal\u00eds.<\/p>\n<p><strong>Les territorials Valenciana, Balear, Andalusa, Can\u00e0ria i Catalana a la classe 420<\/strong><br \/>\nEn 420 la Medsailing compte de moment amb 31 vaixells inscrits, amb una variada representaci\u00f3 territorial: la Comunitat Valenciana amb tres tripulacions del Club N\u00e0utic de X\u00e0bia, dos del RCN Val\u00e8ncia i una del RCN Castell\u00f3; de Balears 1 tripulaci\u00f3 dels tres clubs C&#8217;an Pastilla, S&#8217;Arenal i Palma; un equip canari del RCN Gran Can\u00e0ria i d&#8217;Andalusia un representant del RC Mar\u00edtim Punta Ombria. S&#8217;unir\u00e0 tamb\u00e9 la flota catalana, amb tripulants de Port d\u2019Aro, Blanes, Vilassar, El Masnou, Vilanova i El Bal\u00eds.<\/p>\n<p><strong>Un programa esportiu intens<\/strong><br \/>\nPer a la classe 29er, el calendari de competici\u00f3 de la MedSailing arrenca el dijous 16, i estan programades 16 proves, amb un m\u00e0xim m\u00e9s de quatre di\u00e0ries. Per a la classe 420 l calendari de competici\u00f3 comen\u00e7a el divendres 17, amb un programa de nou proves i un m\u00e0xim de tres di\u00e0ries. Ambdues categories finalitzen el diumenge 19 i la primera sortida del dia est\u00e0 prevista a les 11.30 hores.<\/p>\n<p>&nbsp;<\/p>\n<p><img loading=\"lazy\" decoding=\"async\" class=\"size-medium wp-image-7620 aligncenter\" src=\"https:\/\/www.cnelbalis.com\/wp-content\/uploads\/vj-w\/-i\/MedSailing-420_2-300x169.jpg\" alt=\"medsailing-420_2\" width=\"300\" height=\"169\" \/><br \/>\n<img loading=\"lazy\" decoding=\"async\" class=\"size-medium wp-image-7618 aligncenter\" src=\"https:\/\/www.cnelbalis.com\/wp-content\/uploads\/vj-w\/-i\/MedSailing-29er_2-300x193.jpg\" alt=\"medsailing-29er_2\" width=\"300\" height=\"193\" \/><\/p>\n","protected":false},"excerpt":{"rendered":"<p>\u2022 184 regatistes de 13 pa\u00efsos disputaran la Regata MedSailing \u2022 La MedSailing \u00e9s la prova inaugural de la 29er EURO CUP 2017 El Club N\u00e0utic El Bal\u00eds organitzar\u00e0 la Regata Internacional MedSailing, que es disputar\u00e0 del proper 16 al 19 de febrer. Estan convocades les classes 420 i 29er, considerades embarcacions de tecnificaci\u00f3 per [&hellip;]<\/p>\n","protected":false},"author":1,"featured_media":0,"comment_status":"open","ping_status":"open","sticky":false,"template":"","format":"standard","meta":{"footnotes":""},"categories":[23],"tags":[110,131,34],"class_list":["post-28818","post","type-post","status-publish","format-standard","hentry","category-vela","tag-29er","tag-131","tag-medsailing"],"acf":[],"_links":{"self":[{"href":"https:\/\/www.cnelbalis.com\/ca\/wp-json\/wp\/v2\/posts\/28818","targetHints":{"allow":["GET"]}}],"collection":[{"href":"https:\/\/www.cnelbalis.com\/ca\/wp-json\/wp\/v2\/posts"}],"about":[{"href":"https:\/\/www.cnelbalis.com\/ca\/wp-json\/wp\/v2\/types\/post"}],"author":[{"embeddable":true,"href":"https:\/\/www.cnelbalis.com\/ca\/wp-json\/wp\/v2\/users\/1"}],"replies":[{"embeddable":true,"href":"https:\/\/www.cnelbalis.com\/ca\/wp-json\/wp\/v2\/comments?post=28818"}],"version-history":[{"count":1,"href":"https:\/\/www.cnelbalis.com\/ca\/wp-json\/wp\/v2\/posts\/28818\/revisions"}],"predecessor-version":[{"id":30806,"href":"https:\/\/www.cnelbalis.com\/ca\/wp-json\/wp\/v2\/posts\/28818\/revisions\/30806"}],"wp:attachment":[{"href":"https:\/\/www.cnelbalis.com\/ca\/wp-json\/wp\/v2\/media?parent=28818"}],"wp:term":[{"taxonomy":"category","embeddable":true,"href":"https:\/\/www.cnelbalis.com\/ca\/wp-json\/wp\/v2\/categories?post=28818"},{"taxonomy":"post_tag","embeddable":true,"href":"https:\/\/www.cnelbalis.com\/ca\/wp-json\/wp\/v2\/tags?post=28818"}],"curies":[{"name":"wp","href":"https:\/\/api.w.org\/{rel}","templated":true}]}}